{"id":1954,"date":"2019-04-30T11:35:49","date_gmt":"2019-04-30T09:35:49","guid":{"rendered":"http:\/\/agora.xtec.cat\/ceip-dolorsalmeda-cornella\/?p=1954"},"modified":"2019-05-08T13:12:58","modified_gmt":"2019-05-08T11:12:58","slug":"la-mona-de-pasqua","status":"publish","type":"post","link":"https:\/\/agora.xtec.cat\/ceip-dolorsalmeda-cornella\/general\/la-mona-de-pasqua\/","title":{"rendered":"La mona de Pasqua"},"content":{"rendered":"<p style=\"text-align: justify;\"><a href=\"https:\/\/agora.xtec.cat\/ceip-dolorsalmeda-cornella\/wp-content\/uploads\/usu30\/2019\/04\/IMG_20190412_152137_Bokeh.jpg\"><img loading=\"lazy\" decoding=\"async\" class=\"wp-image-1978 aligncenter\" src=\"https:\/\/agora.xtec.cat\/ceip-dolorsalmeda-cornella\/wp-content\/uploads\/usu30\/2019\/04\/IMG_20190412_152137_Bokeh-1024x768.jpg\" alt=\"\" width=\"422\" height=\"316\" srcset=\"https:\/\/agora.xtec.cat\/ceip-dolorsalmeda-cornella\/wp-content\/uploads\/usu30\/2019\/04\/IMG_20190412_152137_Bokeh-1024x768.jpg 1024w, https:\/\/agora.xtec.cat\/ceip-dolorsalmeda-cornella\/wp-content\/uploads\/usu30\/2019\/04\/IMG_20190412_152137_Bokeh-300x225.jpg 300w, https:\/\/agora.xtec.cat\/ceip-dolorsalmeda-cornella\/wp-content\/uploads\/usu30\/2019\/04\/IMG_20190412_152137_Bokeh-768x576.jpg 768w, https:\/\/agora.xtec.cat\/ceip-dolorsalmeda-cornella\/wp-content\/uploads\/usu30\/2019\/04\/IMG_20190412_152137_Bokeh-200x150.jpg 200w\" sizes=\"auto, (max-width: 422px) 100vw, 422px\" \/><\/a><\/p>\n<p style=\"text-align: justify;\">El passat divendres 12 d&#8217;abril, els alumnes d&#8217;Educaci\u00f3 Infantil i Cicle Inicial van celebrar l&#8217;arribada de les vacances de Pasqua elaborant la seva pr\u00f2pia mona de Pasqua. Durant el mat\u00ed, entre totes i tots, van anar afegint ingredients a una base de pa de pessic, tot i que ja us podeu imaginar quin era l&#8217;ingredient principal: la xocolata! D&#8217;una manera divertida i ben dol\u00e7a, van acomiadar el trimestre amb un berenar i una estona de joc compartit al pati d&#8217;Educaci\u00f3 Infantil.<\/p>\n<p><a href=\"https:\/\/photos.app.goo.gl\/1ALQksfYXCACNq8B9\" target=\"_blank\" rel=\"noopener\">FOTOS P3<\/a><\/p>\n<p><a href=\"https:\/\/photos.app.goo.gl\/r2iGFFhSGg4qAAJD6\" target=\"_blank\" rel=\"noopener\">FOTOS P4<\/a><\/p>\n<p><a href=\"https:\/\/photos.app.goo.gl\/VHABTSiYgS1QWpHS8\" target=\"_blank\" rel=\"noopener\">FOTOS PRIMER<\/a><\/p>\n","protected":false},"excerpt":{"rendered":"<p><a href=\"https:\/\/agora.xtec.cat\/ceip-dolorsalmeda-cornella\/wp-content\/uploads\/usu30\/2019\/04\/IMG_20190412_152137_Bokeh.jpg\"><\/a><br \/>\nEl passat divendres 12 d&#8217;abril, els alumnes d&#8217;Educaci\u00f3 Infantil i Cicle Inicial van celebrar l&#8217;arribada de les vacances de Pasqua elaborant la seva pr\u00f2pia mona de Pasqua. Durant el mat\u00ed, entre totes i tots, van anar afegint ingredients a una base de pa de&hellip;  <a href=\"https:\/\/agora.xtec.cat\/ceip-dolorsalmeda-cornella\/general\/la-mona-de-pasqua\/\" title=\"Read La mona de Pasqua\">Llegeix m\u00e9s\u00bb<\/a><\/p>\n","protected":false},"author":1,"featured_media":1978,"comment_status":"open","ping_status":"closed","sticky":false,"template":"","format":"standard","meta":{"_bbp_topic_count":0,"_bbp_reply_count":0,"_bbp_total_topic_count":0,"_bbp_total_reply_count":0,"_bbp_voice_count":0,"_bbp_anonymous_reply_count":0,"_bbp_topic_count_hidden":0,"_bbp_reply_count_hidden":0,"_bbp_forum_subforum_count":0,"footnotes":""},"categories":[10,1,3,8,2,4,5],"tags":[201,203,202],"class_list":["post-1954","post","type-post","status-publish","format-standard","has-post-thumbnail","hentry","category-1r","category-general","category-i3","category-i4","category-infantil","category-portada","category-primaria","tag-mona","tag-pasqua","tag-vacances"],"post_mailing_queue_ids":[],"_links":{"self":[{"href":"https:\/\/agora.xtec.cat\/ceip-dolorsalmeda-cornella\/wp-json\/wp\/v2\/posts\/1954","targetHints":{"allow":["GET"]}}],"collection":[{"href":"https:\/\/agora.xtec.cat\/ceip-dolorsalmeda-cornella\/wp-json\/wp\/v2\/posts"}],"about":[{"href":"https:\/\/agora.xtec.cat\/ceip-dolorsalmeda-cornella\/wp-json\/wp\/v2\/types\/post"}],"author":[{"embeddable":true,"href":"https:\/\/agora.xtec.cat\/ceip-dolorsalmeda-cornella\/wp-json\/wp\/v2\/users\/1"}],"replies":[{"embeddable":true,"href":"https:\/\/agora.xtec.cat\/ceip-dolorsalmeda-cornella\/wp-json\/wp\/v2\/comments?post=1954"}],"version-history":[{"count":3,"href":"https:\/\/agora.xtec.cat\/ceip-dolorsalmeda-cornella\/wp-json\/wp\/v2\/posts\/1954\/revisions"}],"predecessor-version":[{"id":2000,"href":"https:\/\/agora.xtec.cat\/ceip-dolorsalmeda-cornella\/wp-json\/wp\/v2\/posts\/1954\/revisions\/2000"}],"wp:featuredmedia":[{"embeddable":true,"href":"https:\/\/agora.xtec.cat\/ceip-dolorsalmeda-cornella\/wp-json\/wp\/v2\/media\/1978"}],"wp:attachment":[{"href":"https:\/\/agora.xtec.cat\/ceip-dolorsalmeda-cornella\/wp-json\/wp\/v2\/media?parent=1954"}],"wp:term":[{"taxonomy":"category","embeddable":true,"href":"https:\/\/agora.xtec.cat\/ceip-dolorsalmeda-cornella\/wp-json\/wp\/v2\/categories?post=1954"},{"taxonomy":"post_tag","embeddable":true,"href":"https:\/\/agora.xtec.cat\/ceip-dolorsalmeda-cornella\/wp-json\/wp\/v2\/tags?post=1954"}],"curies":[{"name":"wp","href":"https:\/\/api.w.org\/{rel}","templated":true}]}}