{"id":1935,"date":"2019-04-11T14:09:10","date_gmt":"2019-04-11T12:09:10","guid":{"rendered":"http:\/\/agora.xtec.cat\/ceip-dolorsalmeda-cornella\/?p=1935"},"modified":"2019-05-08T13:18:27","modified_gmt":"2019-05-08T11:18:27","slug":"fundacio-tapies","status":"publish","type":"post","link":"https:\/\/agora.xtec.cat\/ceip-dolorsalmeda-cornella\/general\/fundacio-tapies\/","title":{"rendered":"Fundaci\u00f3 T\u00e0pies"},"content":{"rendered":"<p><a href=\"https:\/\/agora.xtec.cat\/ceip-dolorsalmeda-cornella\/wp-content\/uploads\/usu30\/2019\/04\/Mitj\u00f3_T\u00e0pies.jpg\"><img loading=\"lazy\" decoding=\"async\" class=\"size-full wp-image-1936 aligncenter\" src=\"https:\/\/agora.xtec.cat\/ceip-dolorsalmeda-cornella\/wp-content\/uploads\/usu30\/2019\/04\/Mitj\u00f3_T\u00e0pies.jpg\" alt=\"\" width=\"300\" height=\"225\" srcset=\"https:\/\/agora.xtec.cat\/ceip-dolorsalmeda-cornella\/wp-content\/uploads\/usu30\/2019\/04\/Mitj\u00f3_T\u00e0pies.jpg 300w, https:\/\/agora.xtec.cat\/ceip-dolorsalmeda-cornella\/wp-content\/uploads\/usu30\/2019\/04\/Mitj\u00f3_T\u00e0pies-200x150.jpg 200w\" sizes=\"auto, (max-width: 300px) 100vw, 300px\" \/><\/a><\/p>\n<p style=\"text-align: justify;\">Durant la primera setmana d&#8217;abril els infants de parvulari han visitat la Fundaci\u00f3 T\u00e0pies. Durant un mat\u00ed, van participar a una visita guiada per les diferents sales de l&#8217;exposici\u00f3. Al llarg del recorregut, a m\u00e9s a m\u00e9s de contemplar les seves obres, van poder descobrir les diferents t\u00e8cniques i materials que utilitzava Antoni T\u00e0pies aix\u00ed com aspectes simb\u00f2lics i iconogr\u00e0fics de la seva obra.<\/p>\n<p><a href=\"https:\/\/fundaciotapies.org\/es\/\" target=\"_blank\" rel=\"noopener\"><img decoding=\"async\" src=\"https:\/\/fundaciotapies.org\/wp-content\/uploads\/2018\/01\/fundaciotapies-h.svg\" \/><\/a><\/p>\n<p><a href=\"https:\/\/photos.app.goo.gl\/2PubnmdxHhapESqk9\" target=\"_blank\" rel=\"noopener\">FOTOS P3<\/a><\/p>\n<p><a href=\"https:\/\/photos.app.goo.gl\/8sP52RySK8ifs12y6\" target=\"_blank\" rel=\"noopener\">FOTOS P4<\/a><\/p>\n<p><a href=\"https:\/\/photos.app.goo.gl\/hNgqvCAjtwKUV3Ex9\" target=\"_blank\" rel=\"noopener\">FOTOS P5<\/a><\/p>\n","protected":false},"excerpt":{"rendered":"<p><a href=\"https:\/\/agora.xtec.cat\/ceip-dolorsalmeda-cornella\/wp-content\/uploads\/usu30\/2019\/04\/Mitj\u00f3_T\u00e0pies.jpg\"><\/a><br \/>\nDurant la primera setmana d&#8217;abril els infants de parvulari han visitat la Fundaci\u00f3 T\u00e0pies. Durant un mat\u00ed, van participar a una visita guiada per les diferents sales de l&#8217;exposici\u00f3. Al llarg del recorregut, a m\u00e9s a m\u00e9s de contemplar les seves obres, van poder&hellip;  <a href=\"https:\/\/agora.xtec.cat\/ceip-dolorsalmeda-cornella\/general\/fundacio-tapies\/\" title=\"Read Fundaci\u00f3 T\u00e0pies\">Llegeix m\u00e9s\u00bb<\/a><\/p>\n","protected":false},"author":1,"featured_media":1936,"comment_status":"open","ping_status":"closed","sticky":false,"template":"","format":"standard","meta":{"_bbp_topic_count":0,"_bbp_reply_count":0,"_bbp_total_topic_count":0,"_bbp_total_reply_count":0,"_bbp_voice_count":0,"_bbp_anonymous_reply_count":0,"_bbp_topic_count_hidden":0,"_bbp_reply_count_hidden":0,"_bbp_forum_subforum_count":0,"footnotes":""},"categories":[1,3,8,9,2,4],"tags":[200,16],"class_list":["post-1935","post","type-post","status-publish","format-standard","has-post-thumbnail","hentry","category-general","category-i3","category-i4","category-i5","category-infantil","category-portada","tag-artista","tag-sortides"],"post_mailing_queue_ids":[],"_links":{"self":[{"href":"https:\/\/agora.xtec.cat\/ceip-dolorsalmeda-cornella\/wp-json\/wp\/v2\/posts\/1935","targetHints":{"allow":["GET"]}}],"collection":[{"href":"https:\/\/agora.xtec.cat\/ceip-dolorsalmeda-cornella\/wp-json\/wp\/v2\/posts"}],"about":[{"href":"https:\/\/agora.xtec.cat\/ceip-dolorsalmeda-cornella\/wp-json\/wp\/v2\/types\/post"}],"author":[{"embeddable":true,"href":"https:\/\/agora.xtec.cat\/ceip-dolorsalmeda-cornella\/wp-json\/wp\/v2\/users\/1"}],"replies":[{"embeddable":true,"href":"https:\/\/agora.xtec.cat\/ceip-dolorsalmeda-cornella\/wp-json\/wp\/v2\/comments?post=1935"}],"version-history":[{"count":3,"href":"https:\/\/agora.xtec.cat\/ceip-dolorsalmeda-cornella\/wp-json\/wp\/v2\/posts\/1935\/revisions"}],"predecessor-version":[{"id":2008,"href":"https:\/\/agora.xtec.cat\/ceip-dolorsalmeda-cornella\/wp-json\/wp\/v2\/posts\/1935\/revisions\/2008"}],"wp:featuredmedia":[{"embeddable":true,"href":"https:\/\/agora.xtec.cat\/ceip-dolorsalmeda-cornella\/wp-json\/wp\/v2\/media\/1936"}],"wp:attachment":[{"href":"https:\/\/agora.xtec.cat\/ceip-dolorsalmeda-cornella\/wp-json\/wp\/v2\/media?parent=1935"}],"wp:term":[{"taxonomy":"category","embeddable":true,"href":"https:\/\/agora.xtec.cat\/ceip-dolorsalmeda-cornella\/wp-json\/wp\/v2\/categories?post=1935"},{"taxonomy":"post_tag","embeddable":true,"href":"https:\/\/agora.xtec.cat\/ceip-dolorsalmeda-cornella\/wp-json\/wp\/v2\/tags?post=1935"}],"curies":[{"name":"wp","href":"https:\/\/api.w.org\/{rel}","templated":true}]}}