{"id":1898,"date":"2019-04-10T09:34:25","date_gmt":"2019-04-10T07:34:25","guid":{"rendered":"http:\/\/agora.xtec.cat\/ceip-dolorsalmeda-cornella\/?p=1898"},"modified":"2019-04-10T11:38:29","modified_gmt":"2019-04-10T09:38:29","slug":"visita-al-mmaca","status":"publish","type":"post","link":"https:\/\/agora.xtec.cat\/ceip-dolorsalmeda-cornella\/general\/visita-al-mmaca\/","title":{"rendered":"Visita al MMACA"},"content":{"rendered":"<p><a href=\"https:\/\/agora.xtec.cat\/ceip-dolorsalmeda-cornella\/wp-content\/uploads\/usu30\/2019\/04\/IMG_20190403_120106.jpg\"><img loading=\"lazy\" decoding=\"async\" class=\"alignnone  wp-image-1904 aligncenter\" src=\"https:\/\/agora.xtec.cat\/ceip-dolorsalmeda-cornella\/wp-content\/uploads\/usu30\/2019\/04\/IMG_20190403_120106-1024x768.jpg\" alt=\"\" width=\"356\" height=\"267\" srcset=\"https:\/\/agora.xtec.cat\/ceip-dolorsalmeda-cornella\/wp-content\/uploads\/usu30\/2019\/04\/IMG_20190403_120106-1024x768.jpg 1024w, https:\/\/agora.xtec.cat\/ceip-dolorsalmeda-cornella\/wp-content\/uploads\/usu30\/2019\/04\/IMG_20190403_120106-300x225.jpg 300w, https:\/\/agora.xtec.cat\/ceip-dolorsalmeda-cornella\/wp-content\/uploads\/usu30\/2019\/04\/IMG_20190403_120106-768x576.jpg 768w, https:\/\/agora.xtec.cat\/ceip-dolorsalmeda-cornella\/wp-content\/uploads\/usu30\/2019\/04\/IMG_20190403_120106-200x150.jpg 200w\" sizes=\"auto, (max-width: 356px) 100vw, 356px\" \/><\/a><\/p>\n<p style=\"text-align: justify;\">El passat dimecres 5 d&#8217;abril, els alumnes de primer van anar a fer la visita taller al MMACA. La visita t\u00e9 dues parts: una consisteix en un taller anomenat &#8220;Descobrim la geometria&#8221; i l&#8217;altra una sessi\u00f3 d&#8217;experi\u00e8ncies matem\u00e0tiques.<\/p>\n<p style=\"text-align: justify;\">En el taller, primer s&#8217;identifiquen les diferents figures geom\u00e8triques,\u00a0 s&#8217;anomenen les seves caracter\u00edstiques i es descobreixen les relacions entre elles (amb dos triangles equil\u00e0ters puc construir un rombe, per exemple). Despr\u00e9s, en petits grups,\u00a0\u00a0van construint triangles i hex\u00e0gons seguint diferents consignes. Per finalitzar, tindran un repertori d&#8217;estrelles fetes amb figures geom\u00e8triques que hauran d&#8217;anar reproduint tenint en compte que en algunes estrelles s&#8217;han de superposar diferents figures.<\/p>\n<p style=\"text-align: justify;\">Despr\u00e9s del taller, els alumnes accedeixen a la sala de &#8220;Petites experi\u00e8ncies matem\u00e0tiques&#8221; on trobaran reptes de c\u00e0lcul, geometria, distribuci\u00f3 al pla i a l\u2019espai, orientaci\u00f3 i, fins i tot, estad\u00edstica, adaptats al seu nivell educatiu.<\/p>\n<p><a href=\"https:\/\/photos.app.goo.gl\/9Z3LwPt6S2RMJ83r8\" target=\"_blank\" rel=\"noopener\">FOTOS 1rA<\/a><\/p>\n<p><a href=\"https:\/\/photos.app.goo.gl\/4aKVXP6adNzH4iFq8\" target=\"_blank\" rel=\"noopener\">FOTOS 1rB<\/a><\/p>\n<p><a href=\"https:\/\/mmaca.cat\/\" target=\"_blank\" rel=\"noopener\"><img loading=\"lazy\" decoding=\"async\" class=\"aligncenter wp-image-1905\" src=\"https:\/\/agora.xtec.cat\/ceip-dolorsalmeda-cornella\/wp-content\/uploads\/usu30\/2019\/04\/logo_sols_mmaca.png\" alt=\"\" width=\"348\" height=\"81\" srcset=\"https:\/\/agora.xtec.cat\/ceip-dolorsalmeda-cornella\/wp-content\/uploads\/usu30\/2019\/04\/logo_sols_mmaca.png 865w, https:\/\/agora.xtec.cat\/ceip-dolorsalmeda-cornella\/wp-content\/uploads\/usu30\/2019\/04\/logo_sols_mmaca-300x70.png 300w, https:\/\/agora.xtec.cat\/ceip-dolorsalmeda-cornella\/wp-content\/uploads\/usu30\/2019\/04\/logo_sols_mmaca-768x178.png 768w\" sizes=\"auto, (max-width: 348px) 100vw, 348px\" \/><\/a><\/p>\n","protected":false},"excerpt":{"rendered":"<p><a href=\"https:\/\/agora.xtec.cat\/ceip-dolorsalmeda-cornella\/wp-content\/uploads\/usu30\/2019\/04\/IMG_20190403_120106.jpg\"><\/a><br \/>\nEl passat dimecres 5 d&#8217;abril, els alumnes de primer van anar a fer la visita taller al MMACA. La visita t\u00e9 dues parts: una consisteix en un taller anomenat &#8220;Descobrim la geometria&#8221; i l&#8217;altra una sessi\u00f3 d&#8217;experi\u00e8ncies matem\u00e0tiques.<br \/>\nEn el taller, primer s&#8217;identifiquen les diferents&hellip;  <a href=\"https:\/\/agora.xtec.cat\/ceip-dolorsalmeda-cornella\/general\/visita-al-mmaca\/\" title=\"Read Visita al MMACA\">Llegeix m\u00e9s\u00bb<\/a><\/p>\n","protected":false},"author":1,"featured_media":1904,"comment_status":"open","ping_status":"closed","sticky":false,"template":"","format":"standard","meta":{"_bbp_topic_count":0,"_bbp_reply_count":0,"_bbp_total_topic_count":0,"_bbp_total_reply_count":0,"_bbp_voice_count":0,"_bbp_anonymous_reply_count":0,"_bbp_topic_count_hidden":0,"_bbp_reply_count_hidden":0,"_bbp_forum_subforum_count":0,"footnotes":""},"categories":[10,1,4,5],"tags":[],"class_list":["post-1898","post","type-post","status-publish","format-standard","has-post-thumbnail","hentry","category-1r","category-general","category-portada","category-primaria"],"post_mailing_queue_ids":[],"_links":{"self":[{"href":"https:\/\/agora.xtec.cat\/ceip-dolorsalmeda-cornella\/wp-json\/wp\/v2\/posts\/1898","targetHints":{"allow":["GET"]}}],"collection":[{"href":"https:\/\/agora.xtec.cat\/ceip-dolorsalmeda-cornella\/wp-json\/wp\/v2\/posts"}],"about":[{"href":"https:\/\/agora.xtec.cat\/ceip-dolorsalmeda-cornella\/wp-json\/wp\/v2\/types\/post"}],"author":[{"embeddable":true,"href":"https:\/\/agora.xtec.cat\/ceip-dolorsalmeda-cornella\/wp-json\/wp\/v2\/users\/1"}],"replies":[{"embeddable":true,"href":"https:\/\/agora.xtec.cat\/ceip-dolorsalmeda-cornella\/wp-json\/wp\/v2\/comments?post=1898"}],"version-history":[{"count":2,"href":"https:\/\/agora.xtec.cat\/ceip-dolorsalmeda-cornella\/wp-json\/wp\/v2\/posts\/1898\/revisions"}],"predecessor-version":[{"id":1906,"href":"https:\/\/agora.xtec.cat\/ceip-dolorsalmeda-cornella\/wp-json\/wp\/v2\/posts\/1898\/revisions\/1906"}],"wp:featuredmedia":[{"embeddable":true,"href":"https:\/\/agora.xtec.cat\/ceip-dolorsalmeda-cornella\/wp-json\/wp\/v2\/media\/1904"}],"wp:attachment":[{"href":"https:\/\/agora.xtec.cat\/ceip-dolorsalmeda-cornella\/wp-json\/wp\/v2\/media?parent=1898"}],"wp:term":[{"taxonomy":"category","embeddable":true,"href":"https:\/\/agora.xtec.cat\/ceip-dolorsalmeda-cornella\/wp-json\/wp\/v2\/categories?post=1898"},{"taxonomy":"post_tag","embeddable":true,"href":"https:\/\/agora.xtec.cat\/ceip-dolorsalmeda-cornella\/wp-json\/wp\/v2\/tags?post=1898"}],"curies":[{"name":"wp","href":"https:\/\/api.w.org\/{rel}","templated":true}]}}