{"id":1884,"date":"2019-03-28T15:58:07","date_gmt":"2019-03-28T14:58:07","guid":{"rendered":"http:\/\/agora.xtec.cat\/ceip-dolorsalmeda-cornella\/?p=1884"},"modified":"2019-03-28T16:05:13","modified_gmt":"2019-03-28T15:05:13","slug":"laquarium-de-barcelona-2","status":"publish","type":"post","link":"https:\/\/agora.xtec.cat\/ceip-dolorsalmeda-cornella\/general\/laquarium-de-barcelona-2\/","title":{"rendered":"L&#8217;Aqu\u00e0rium de Barcelona"},"content":{"rendered":"<p><a href=\"https:\/\/agora.xtec.cat\/ceip-dolorsalmeda-cornella\/wp-content\/uploads\/usu30\/2019\/03\/20190325_102952.jpg\"><img loading=\"lazy\" decoding=\"async\" class=\"wp-image-1885 aligncenter\" src=\"https:\/\/agora.xtec.cat\/ceip-dolorsalmeda-cornella\/wp-content\/uploads\/usu30\/2019\/03\/20190325_102952-1024x576.jpg\" alt=\"\" width=\"395\" height=\"222\" srcset=\"https:\/\/agora.xtec.cat\/ceip-dolorsalmeda-cornella\/wp-content\/uploads\/usu30\/2019\/03\/20190325_102952-1024x576.jpg 1024w, https:\/\/agora.xtec.cat\/ceip-dolorsalmeda-cornella\/wp-content\/uploads\/usu30\/2019\/03\/20190325_102952-300x169.jpg 300w, https:\/\/agora.xtec.cat\/ceip-dolorsalmeda-cornella\/wp-content\/uploads\/usu30\/2019\/03\/20190325_102952-768x432.jpg 768w, https:\/\/agora.xtec.cat\/ceip-dolorsalmeda-cornella\/wp-content\/uploads\/usu30\/2019\/03\/20190325_102952.jpg 1920w\" sizes=\"auto, (max-width: 395px) 100vw, 395px\" \/><\/a><\/p>\n<p style=\"text-align: justify;\">El passat dilluns 25 de mar\u00e7, els infants de primer van anar de sortida a l&#8217;Aqu\u00e0rium de Barcelona. A la primera part de la visita,\u00a0van fer un passeig per observar i con\u00e8ixer com \u00e9s la vida al fons del mar de la m\u00e0 dels educadors de l&#8217;Aqu\u00e0rium. Van descobrir aquaris mediterranis, tropicals i el gran Oceanari, els \u00e9ssers vius que els habiten, com es relacionen entre si i amb el medi. Van poder fer preguntes, aix\u00ed com gaudir de les explicacions i\u00a0 curiositats per con\u00e8ixer amb m\u00e9s profunditat el medi aqu\u00e0tic. Despr\u00e9s, van participar en una activitat experimental al laboratori on, a partir de l&#8217;observaci\u00f3 directa de peixos diferents i de la seva manipulaci\u00f3 (amb lupes, pinces, guants i una c\u00e0psula de petri), van poder identificar les caracter\u00edstiques d&#8217;aquest grup de vertebrats marins: aletes, br\u00e0nquies, escates, opercle, dents, tipus de reproducci\u00f3, etc. En finalitzar la visita, van anar al parc de la Ciutadella a dinar i a gaudir del parc i del bon temps.<\/p>\n<p><a href=\"https:\/\/photos.app.goo.gl\/KpCATGCLS7KhJwuM9\" target=\"_blank\" rel=\"noopener\">FOTOS 1rA<\/a><\/p>\n<p><a href=\"https:\/\/photos.app.goo.gl\/dXUTHYwspG3JbrBG7\" target=\"_blank\" rel=\"noopener\">FOTOS 1rB<\/a><\/p>\n","protected":false},"excerpt":{"rendered":"<p><a href=\"https:\/\/agora.xtec.cat\/ceip-dolorsalmeda-cornella\/wp-content\/uploads\/usu30\/2019\/03\/20190325_102952.jpg\"><\/a><br \/>\nEl passat dilluns 25 de mar\u00e7, els infants de primer van anar de sortida a l&#8217;Aqu\u00e0rium de Barcelona. A la primera part de la visita,\u00a0van fer un passeig per observar i con\u00e8ixer com \u00e9s la vida al fons del mar de la m\u00e0 dels&hellip;  <a href=\"https:\/\/agora.xtec.cat\/ceip-dolorsalmeda-cornella\/general\/laquarium-de-barcelona-2\/\" title=\"Read L&#8217;Aqu\u00e0rium de Barcelona\">Llegeix m\u00e9s\u00bb<\/a><\/p>\n","protected":false},"author":1,"featured_media":1885,"comment_status":"open","ping_status":"closed","sticky":false,"template":"","format":"standard","meta":{"_bbp_topic_count":0,"_bbp_reply_count":0,"_bbp_total_topic_count":0,"_bbp_total_reply_count":0,"_bbp_voice_count":0,"_bbp_anonymous_reply_count":0,"_bbp_topic_count_hidden":0,"_bbp_reply_count_hidden":0,"_bbp_forum_subforum_count":0,"footnotes":""},"categories":[10,1,4,5],"tags":[129,73,16],"class_list":["post-1884","post","type-post","status-publish","format-standard","has-post-thumbnail","hentry","category-1r","category-general","category-portada","category-primaria","tag-aquarium","tag-projecte","tag-sortides"],"post_mailing_queue_ids":[],"_links":{"self":[{"href":"https:\/\/agora.xtec.cat\/ceip-dolorsalmeda-cornella\/wp-json\/wp\/v2\/posts\/1884","targetHints":{"allow":["GET"]}}],"collection":[{"href":"https:\/\/agora.xtec.cat\/ceip-dolorsalmeda-cornella\/wp-json\/wp\/v2\/posts"}],"about":[{"href":"https:\/\/agora.xtec.cat\/ceip-dolorsalmeda-cornella\/wp-json\/wp\/v2\/types\/post"}],"author":[{"embeddable":true,"href":"https:\/\/agora.xtec.cat\/ceip-dolorsalmeda-cornella\/wp-json\/wp\/v2\/users\/1"}],"replies":[{"embeddable":true,"href":"https:\/\/agora.xtec.cat\/ceip-dolorsalmeda-cornella\/wp-json\/wp\/v2\/comments?post=1884"}],"version-history":[{"count":2,"href":"https:\/\/agora.xtec.cat\/ceip-dolorsalmeda-cornella\/wp-json\/wp\/v2\/posts\/1884\/revisions"}],"predecessor-version":[{"id":1887,"href":"https:\/\/agora.xtec.cat\/ceip-dolorsalmeda-cornella\/wp-json\/wp\/v2\/posts\/1884\/revisions\/1887"}],"wp:featuredmedia":[{"embeddable":true,"href":"https:\/\/agora.xtec.cat\/ceip-dolorsalmeda-cornella\/wp-json\/wp\/v2\/media\/1885"}],"wp:attachment":[{"href":"https:\/\/agora.xtec.cat\/ceip-dolorsalmeda-cornella\/wp-json\/wp\/v2\/media?parent=1884"}],"wp:term":[{"taxonomy":"category","embeddable":true,"href":"https:\/\/agora.xtec.cat\/ceip-dolorsalmeda-cornella\/wp-json\/wp\/v2\/categories?post=1884"},{"taxonomy":"post_tag","embeddable":true,"href":"https:\/\/agora.xtec.cat\/ceip-dolorsalmeda-cornella\/wp-json\/wp\/v2\/tags?post=1884"}],"curies":[{"name":"wp","href":"https:\/\/api.w.org\/{rel}","templated":true}]}}