{"id":1874,"date":"2019-03-20T13:39:42","date_gmt":"2019-03-20T12:39:42","guid":{"rendered":"http:\/\/agora.xtec.cat\/ceip-dolorsalmeda-cornella\/?p=1874"},"modified":"2019-03-20T13:39:42","modified_gmt":"2019-03-20T12:39:42","slug":"contacontes-amb-el-kamishibai","status":"publish","type":"post","link":"https:\/\/agora.xtec.cat\/ceip-dolorsalmeda-cornella\/infantil\/contacontes-amb-el-kamishibai\/","title":{"rendered":"Contacontes amb el Kamishibai"},"content":{"rendered":"<p>El passat dilluns 11 de mar\u00e7 van venir el Fran (pare de la J\u00falia de P5) i la Sandra del Consulat General del Jap\u00f3 de Barcelona a fer-nos una activitat de contacontes amb el Kamishibai per a tots els alumnes d\u2019infantil. El conte que van explicar es titula: \u201c Momotaro, el nen pr\u00e9ssec\u201d.<\/p>\n<p>Momotaro \u00e9s un dels contes m\u00e9s famosos tradicionals japonesos. Narra la hist\u00f2ria d\u2019un nen que, amb l\u2019ajuda d\u2019un gos, una mona i un fais\u00e0, salva els habitants de l\u2019illa d\u2019Onigashima dels dimonis que hi habiten. En finalitzar el conte, la Sandra i el Fran van portar unes \u201cYukata o Happi\u201d que s\u00f3n una vestimenta tradicional japonesa fetes de cot\u00f3 i se las van poder provar.<\/p>\n<p><a href=\"https:\/\/photos.app.goo.gl\/21yrujWvGVmno57E9\" target=\"_blank\" rel=\"noopener\">FOTOS<\/a><\/p>\n","protected":false},"excerpt":{"rendered":"<p>El passat dilluns 11 de mar\u00e7 van venir el Fran (pare de la J\u00falia de P5) i la Sandra del Consulat General del Jap\u00f3 de Barcelona a fer-nos una activitat de contacontes amb el Kamishibai per a tots els alumnes d\u2019infantil. El conte que van&hellip;  <a href=\"https:\/\/agora.xtec.cat\/ceip-dolorsalmeda-cornella\/infantil\/contacontes-amb-el-kamishibai\/\" title=\"Read Contacontes amb el Kamishibai\">Llegeix m\u00e9s\u00bb<\/a><\/p>\n","protected":false},"author":1,"featured_media":1876,"comment_status":"open","ping_status":"closed","sticky":false,"template":"","format":"standard","meta":{"_bbp_topic_count":0,"_bbp_reply_count":0,"_bbp_total_topic_count":0,"_bbp_total_reply_count":0,"_bbp_voice_count":0,"_bbp_anonymous_reply_count":0,"_bbp_topic_count_hidden":0,"_bbp_reply_count_hidden":0,"_bbp_forum_subforum_count":0,"footnotes":""},"categories":[3,8,9,2,4],"tags":[78,191,131],"class_list":["post-1874","post","type-post","status-publish","format-standard","has-post-thumbnail","hentry","category-i3","category-i4","category-i5","category-infantil","category-portada","tag-contes","tag-infantil","tag-teatre"],"post_mailing_queue_ids":[],"_links":{"self":[{"href":"https:\/\/agora.xtec.cat\/ceip-dolorsalmeda-cornella\/wp-json\/wp\/v2\/posts\/1874","targetHints":{"allow":["GET"]}}],"collection":[{"href":"https:\/\/agora.xtec.cat\/ceip-dolorsalmeda-cornella\/wp-json\/wp\/v2\/posts"}],"about":[{"href":"https:\/\/agora.xtec.cat\/ceip-dolorsalmeda-cornella\/wp-json\/wp\/v2\/types\/post"}],"author":[{"embeddable":true,"href":"https:\/\/agora.xtec.cat\/ceip-dolorsalmeda-cornella\/wp-json\/wp\/v2\/users\/1"}],"replies":[{"embeddable":true,"href":"https:\/\/agora.xtec.cat\/ceip-dolorsalmeda-cornella\/wp-json\/wp\/v2\/comments?post=1874"}],"version-history":[{"count":2,"href":"https:\/\/agora.xtec.cat\/ceip-dolorsalmeda-cornella\/wp-json\/wp\/v2\/posts\/1874\/revisions"}],"predecessor-version":[{"id":1880,"href":"https:\/\/agora.xtec.cat\/ceip-dolorsalmeda-cornella\/wp-json\/wp\/v2\/posts\/1874\/revisions\/1880"}],"wp:featuredmedia":[{"embeddable":true,"href":"https:\/\/agora.xtec.cat\/ceip-dolorsalmeda-cornella\/wp-json\/wp\/v2\/media\/1876"}],"wp:attachment":[{"href":"https:\/\/agora.xtec.cat\/ceip-dolorsalmeda-cornella\/wp-json\/wp\/v2\/media?parent=1874"}],"wp:term":[{"taxonomy":"category","embeddable":true,"href":"https:\/\/agora.xtec.cat\/ceip-dolorsalmeda-cornella\/wp-json\/wp\/v2\/categories?post=1874"},{"taxonomy":"post_tag","embeddable":true,"href":"https:\/\/agora.xtec.cat\/ceip-dolorsalmeda-cornella\/wp-json\/wp\/v2\/tags?post=1874"}],"curies":[{"name":"wp","href":"https:\/\/api.w.org\/{rel}","templated":true}]}}