{"id":1845,"date":"2019-03-13T13:27:08","date_gmt":"2019-03-13T12:27:08","guid":{"rendered":"http:\/\/agora.xtec.cat\/ceip-dolorsalmeda-cornella\/?p=1845"},"modified":"2019-03-13T13:27:08","modified_gmt":"2019-03-13T12:27:08","slug":"p4-va-a-can-julia-a-fer-pa-i-galetes","status":"publish","type":"post","link":"https:\/\/agora.xtec.cat\/ceip-dolorsalmeda-cornella\/general\/p4-va-a-can-julia-a-fer-pa-i-galetes\/","title":{"rendered":"P4 va a Can Juli\u00e0 a fer pa i galetes!"},"content":{"rendered":"<p>Els infants de\u00a0<span class=\"hiddenSpellError\">P4<\/span>\u00a0van visitar la casa de Can Juli\u00e0 per elaborar pa i galetes.\u00a0Van descobrir els ingredients que contenen\u00a0aquests aliments\u00a0que tant els agraden. Com veritables forners van pastar i van donar forma al pa i a les galetes i incl\u00fas ho van portar al forn de llenya.\u00a0En\u00a0marxar a casa van poder berenar all\u00f2 que havien fet ells mateixos i ho van compartir amb la seva\u00a0fam\u00edlia. Tamb\u00e9 van tenir temps per gaudir en un entorn buc\u00f2lic enmig de la natura: dinar, jugar&#8230;<\/p>\n<p>Tots plegats\u00a0<span class=\"hiddenGrammarError\">van\u00a0<\/span>passar\u00a0un dia\u00a0incre\u00efble!!!!<\/p>\n<p><a href=\"https:\/\/photos.app.goo.gl\/wCMxHNPc6sUJAH9d9\" target=\"_blank\" rel=\"noopener\">FOTOS<\/a><\/p>\n","protected":false},"excerpt":{"rendered":"<p>Els infants de\u00a0P4\u00a0van visitar la casa de Can Juli\u00e0 per elaborar pa i galetes.\u00a0Van descobrir els ingredients que contenen\u00a0aquests aliments\u00a0que tant els agraden. Com veritables forners van pastar i van donar forma al pa i a les galetes i incl\u00fas ho van portar al forn&hellip;  <a href=\"https:\/\/agora.xtec.cat\/ceip-dolorsalmeda-cornella\/general\/p4-va-a-can-julia-a-fer-pa-i-galetes\/\" title=\"Read P4 va a Can Juli\u00e0 a fer pa i galetes!\">Llegeix m\u00e9s\u00bb<\/a><\/p>\n","protected":false},"author":1,"featured_media":1846,"comment_status":"open","ping_status":"closed","sticky":false,"template":"","format":"standard","meta":{"_bbp_topic_count":0,"_bbp_reply_count":0,"_bbp_total_topic_count":0,"_bbp_total_reply_count":0,"_bbp_voice_count":0,"_bbp_anonymous_reply_count":0,"_bbp_topic_count_hidden":0,"_bbp_reply_count_hidden":0,"_bbp_forum_subforum_count":0,"footnotes":""},"categories":[1,8,2,4],"tags":[113],"class_list":["post-1845","post","type-post","status-publish","format-standard","has-post-thumbnail","hentry","category-general","category-i4","category-infantil","category-portada","tag-sortida"],"post_mailing_queue_ids":[],"_links":{"self":[{"href":"https:\/\/agora.xtec.cat\/ceip-dolorsalmeda-cornella\/wp-json\/wp\/v2\/posts\/1845","targetHints":{"allow":["GET"]}}],"collection":[{"href":"https:\/\/agora.xtec.cat\/ceip-dolorsalmeda-cornella\/wp-json\/wp\/v2\/posts"}],"about":[{"href":"https:\/\/agora.xtec.cat\/ceip-dolorsalmeda-cornella\/wp-json\/wp\/v2\/types\/post"}],"author":[{"embeddable":true,"href":"https:\/\/agora.xtec.cat\/ceip-dolorsalmeda-cornella\/wp-json\/wp\/v2\/users\/1"}],"replies":[{"embeddable":true,"href":"https:\/\/agora.xtec.cat\/ceip-dolorsalmeda-cornella\/wp-json\/wp\/v2\/comments?post=1845"}],"version-history":[{"count":2,"href":"https:\/\/agora.xtec.cat\/ceip-dolorsalmeda-cornella\/wp-json\/wp\/v2\/posts\/1845\/revisions"}],"predecessor-version":[{"id":1848,"href":"https:\/\/agora.xtec.cat\/ceip-dolorsalmeda-cornella\/wp-json\/wp\/v2\/posts\/1845\/revisions\/1848"}],"wp:featuredmedia":[{"embeddable":true,"href":"https:\/\/agora.xtec.cat\/ceip-dolorsalmeda-cornella\/wp-json\/wp\/v2\/media\/1846"}],"wp:attachment":[{"href":"https:\/\/agora.xtec.cat\/ceip-dolorsalmeda-cornella\/wp-json\/wp\/v2\/media?parent=1845"}],"wp:term":[{"taxonomy":"category","embeddable":true,"href":"https:\/\/agora.xtec.cat\/ceip-dolorsalmeda-cornella\/wp-json\/wp\/v2\/categories?post=1845"},{"taxonomy":"post_tag","embeddable":true,"href":"https:\/\/agora.xtec.cat\/ceip-dolorsalmeda-cornella\/wp-json\/wp\/v2\/tags?post=1845"}],"curies":[{"name":"wp","href":"https:\/\/api.w.org\/{rel}","templated":true}]}}