{"id":1813,"date":"2019-02-28T13:35:08","date_gmt":"2019-02-28T12:35:08","guid":{"rendered":"http:\/\/agora.xtec.cat\/ceip-dolorsalmeda-cornella\/?p=1813"},"modified":"2019-02-28T15:16:28","modified_gmt":"2019-02-28T14:16:28","slug":"la-petita-exposicio-portatil-del-mmaca","status":"publish","type":"post","link":"https:\/\/agora.xtec.cat\/ceip-dolorsalmeda-cornella\/general\/la-petita-exposicio-portatil-del-mmaca\/","title":{"rendered":"LA PETITA EXPOSICI\u00d3 PORT\u00c0TIL DEL MMACA"},"content":{"rendered":"<p><a href=\"https:\/\/agora.xtec.cat\/ceip-dolorsalmeda-cornella\/wp-content\/uploads\/usu30\/2019\/02\/Image_08.jpg\"><img loading=\"lazy\" decoding=\"async\" class=\"wp-image-1814 aligncenter\" src=\"https:\/\/agora.xtec.cat\/ceip-dolorsalmeda-cornella\/wp-content\/uploads\/usu30\/2019\/02\/Image_08-1024x768.jpg\" alt=\"\" width=\"348\" height=\"261\" srcset=\"https:\/\/agora.xtec.cat\/ceip-dolorsalmeda-cornella\/wp-content\/uploads\/usu30\/2019\/02\/Image_08-1024x768.jpg 1024w, https:\/\/agora.xtec.cat\/ceip-dolorsalmeda-cornella\/wp-content\/uploads\/usu30\/2019\/02\/Image_08-300x225.jpg 300w, https:\/\/agora.xtec.cat\/ceip-dolorsalmeda-cornella\/wp-content\/uploads\/usu30\/2019\/02\/Image_08-768x576.jpg 768w, https:\/\/agora.xtec.cat\/ceip-dolorsalmeda-cornella\/wp-content\/uploads\/usu30\/2019\/02\/Image_08-200x150.jpg 200w\" sizes=\"auto, (max-width: 348px) 100vw, 348px\" \/><\/a><\/p>\n<p>Aquest mes de febrer ens ha visitat la petita exposici\u00f3 port\u00e0til del MMACA (Museu de Matem\u00e0tiques de Catalunya), una maleta plena de propostes i petits reptes matem\u00e0tics per als nens de P5, cicle inicial i cicle mitj\u00e0. Durant una setmana, els alumnes d\u2019aquests cursos han pogut experimentar,\u00a0 descobrir, pensar i resoldre\u00a0 reptes de l\u00f2gica, geometria, numeraci\u00f3, c\u00e0lcul i simetria que els han perm\u00e8s aprendre tot jugant.<\/p>\n<p><a href=\"https:\/\/photos.app.goo.gl\/etj7xzZxhCUjGnS56\" target=\"_blank\" rel=\"noopener\">FOTOS<\/a><\/p>\n<p><a href=\"https:\/\/mmaca.cat\/\" target=\"_blank\" rel=\"noopener\"><img loading=\"lazy\" decoding=\"async\" class=\"wp-image-1816 aligncenter\" src=\"https:\/\/agora.xtec.cat\/ceip-dolorsalmeda-cornella\/wp-content\/uploads\/usu30\/2019\/02\/logommaca_vectorial_una_linia.png\" alt=\"\" width=\"367\" height=\"124\" srcset=\"https:\/\/agora.xtec.cat\/ceip-dolorsalmeda-cornella\/wp-content\/uploads\/usu30\/2019\/02\/logommaca_vectorial_una_linia.png 807w, https:\/\/agora.xtec.cat\/ceip-dolorsalmeda-cornella\/wp-content\/uploads\/usu30\/2019\/02\/logommaca_vectorial_una_linia-300x101.png 300w, https:\/\/agora.xtec.cat\/ceip-dolorsalmeda-cornella\/wp-content\/uploads\/usu30\/2019\/02\/logommaca_vectorial_una_linia-768x260.png 768w\" sizes=\"auto, (max-width: 367px) 100vw, 367px\" \/><\/a><\/p>\n","protected":false},"excerpt":{"rendered":"<p><a href=\"https:\/\/agora.xtec.cat\/ceip-dolorsalmeda-cornella\/wp-content\/uploads\/usu30\/2019\/02\/Image_08.jpg\"><\/a><br \/>\nAquest mes de febrer ens ha visitat la petita exposici\u00f3 port\u00e0til del MMACA (Museu de Matem\u00e0tiques de Catalunya), una maleta plena de propostes i petits reptes matem\u00e0tics per als nens de P5, cicle inicial i cicle mitj\u00e0. Durant una setmana, els alumnes d\u2019aquests cursos&hellip;  <a href=\"https:\/\/agora.xtec.cat\/ceip-dolorsalmeda-cornella\/general\/la-petita-exposicio-portatil-del-mmaca\/\" title=\"Read LA PETITA EXPOSICI\u00d3 PORT\u00c0TIL DEL MMACA\">Llegeix m\u00e9s\u00bb<\/a><\/p>\n","protected":false},"author":1,"featured_media":1814,"comment_status":"open","ping_status":"closed","sticky":false,"template":"","format":"standard","meta":{"_bbp_topic_count":0,"_bbp_reply_count":0,"_bbp_total_topic_count":0,"_bbp_total_reply_count":0,"_bbp_voice_count":0,"_bbp_anonymous_reply_count":0,"_bbp_topic_count_hidden":0,"_bbp_reply_count_hidden":0,"_bbp_forum_subforum_count":0,"footnotes":""},"categories":[10,11,12,13,1,9,2,4,5],"tags":[194,195,101],"class_list":["post-1813","post","type-post","status-publish","format-standard","has-post-thumbnail","hentry","category-1r","category-2n","category-3r","category-4t","category-general","category-i5","category-infantil","category-portada","category-primaria","tag-jocs","tag-manipulatives","tag-matematiques"],"post_mailing_queue_ids":[],"_links":{"self":[{"href":"https:\/\/agora.xtec.cat\/ceip-dolorsalmeda-cornella\/wp-json\/wp\/v2\/posts\/1813","targetHints":{"allow":["GET"]}}],"collection":[{"href":"https:\/\/agora.xtec.cat\/ceip-dolorsalmeda-cornella\/wp-json\/wp\/v2\/posts"}],"about":[{"href":"https:\/\/agora.xtec.cat\/ceip-dolorsalmeda-cornella\/wp-json\/wp\/v2\/types\/post"}],"author":[{"embeddable":true,"href":"https:\/\/agora.xtec.cat\/ceip-dolorsalmeda-cornella\/wp-json\/wp\/v2\/users\/1"}],"replies":[{"embeddable":true,"href":"https:\/\/agora.xtec.cat\/ceip-dolorsalmeda-cornella\/wp-json\/wp\/v2\/comments?post=1813"}],"version-history":[{"count":2,"href":"https:\/\/agora.xtec.cat\/ceip-dolorsalmeda-cornella\/wp-json\/wp\/v2\/posts\/1813\/revisions"}],"predecessor-version":[{"id":1817,"href":"https:\/\/agora.xtec.cat\/ceip-dolorsalmeda-cornella\/wp-json\/wp\/v2\/posts\/1813\/revisions\/1817"}],"wp:featuredmedia":[{"embeddable":true,"href":"https:\/\/agora.xtec.cat\/ceip-dolorsalmeda-cornella\/wp-json\/wp\/v2\/media\/1814"}],"wp:attachment":[{"href":"https:\/\/agora.xtec.cat\/ceip-dolorsalmeda-cornella\/wp-json\/wp\/v2\/media?parent=1813"}],"wp:term":[{"taxonomy":"category","embeddable":true,"href":"https:\/\/agora.xtec.cat\/ceip-dolorsalmeda-cornella\/wp-json\/wp\/v2\/categories?post=1813"},{"taxonomy":"post_tag","embeddable":true,"href":"https:\/\/agora.xtec.cat\/ceip-dolorsalmeda-cornella\/wp-json\/wp\/v2\/tags?post=1813"}],"curies":[{"name":"wp","href":"https:\/\/api.w.org\/{rel}","templated":true}]}}