{"id":1795,"date":"2019-02-21T19:55:10","date_gmt":"2019-02-21T18:55:10","guid":{"rendered":"http:\/\/agora.xtec.cat\/ceip-dolorsalmeda-cornella\/?p=1795"},"modified":"2019-02-21T19:55:10","modified_gmt":"2019-02-21T18:55:10","slug":"laventura-de-multiplicar-com-lacompanyo","status":"publish","type":"post","link":"https:\/\/agora.xtec.cat\/ceip-dolorsalmeda-cornella\/general\/laventura-de-multiplicar-com-lacompanyo\/","title":{"rendered":"L&#8217;aventura de multiplicar: com l&#8217;acompanyo?"},"content":{"rendered":"<p>Avui, a l&#8217;aula de ci\u00e8ncies, algunes fam\u00edlies i mestres de l&#8217;escola hem participat en una xerrada informativa sobre com acompanyar els nens i nenes en l&#8217;aventura de multiplicar. La trobada, organitzada per l&#8217;AMPA i portada a terme per l&#8217;\u00c1ngeles,\u00a0 mare del centre i professora de matem\u00e0tiques a la Universitat de Barcelona, estava dirigida a les fam\u00edlies que volen acompanyar els seus fills i filles en l&#8217;aprenentatge de les matem\u00e0tiques, d&#8217;una forma senzilla, divertida i manipulativa a trav\u00e9s del joc.<\/p>\n<p>Aquesta xerrada-formativa s&#8217;enmarca dintre del projecte d&#8217;AMPA d&#8217;aquest curs &#8220;Multiespais educatius plens d&#8217;aventures matem\u00e0tiques: comprenc, imagino, faig i reviso.<\/p>\n<p>Des de l&#8217;escola agra\u00efm la implicaci\u00f3 de les fam\u00edlies i animem a que a la propera trobada s&#8217;hi afegeigin aquelles que avui no han pogut assistir.<\/p>\n<p><a href=\"https:\/\/photos.app.goo.gl\/87zr82vPzQERf3TB6\">FOTOS<\/a><\/p>\n","protected":false},"excerpt":{"rendered":"<p>Avui, a l&#8217;aula de ci\u00e8ncies, algunes fam\u00edlies i mestres de l&#8217;escola hem participat en una xerrada informativa sobre com acompanyar els nens i nenes en l&#8217;aventura de multiplicar. La trobada, organitzada per l&#8217;AMPA i portada a terme per l&#8217;\u00c1ngeles,\u00a0 mare del centre i professora de&hellip;  <a href=\"https:\/\/agora.xtec.cat\/ceip-dolorsalmeda-cornella\/general\/laventura-de-multiplicar-com-lacompanyo\/\" title=\"Read L&#8217;aventura de multiplicar: com l&#8217;acompanyo?\">Llegeix m\u00e9s\u00bb<\/a><\/p>\n","protected":false},"author":6,"featured_media":1796,"comment_status":"open","ping_status":"closed","sticky":false,"template":"","format":"standard","meta":{"_bbp_topic_count":0,"_bbp_reply_count":0,"_bbp_total_topic_count":0,"_bbp_total_reply_count":0,"_bbp_voice_count":0,"_bbp_anonymous_reply_count":0,"_bbp_topic_count_hidden":0,"_bbp_reply_count_hidden":0,"_bbp_forum_subforum_count":0,"footnotes":""},"categories":[7,1,2,4,5],"tags":[77],"class_list":["post-1795","post","type-post","status-publish","format-standard","has-post-thumbnail","hentry","category-ampa","category-general","category-infantil","category-portada","category-primaria","tag-families"],"post_mailing_queue_ids":[],"_links":{"self":[{"href":"https:\/\/agora.xtec.cat\/ceip-dolorsalmeda-cornella\/wp-json\/wp\/v2\/posts\/1795","targetHints":{"allow":["GET"]}}],"collection":[{"href":"https:\/\/agora.xtec.cat\/ceip-dolorsalmeda-cornella\/wp-json\/wp\/v2\/posts"}],"about":[{"href":"https:\/\/agora.xtec.cat\/ceip-dolorsalmeda-cornella\/wp-json\/wp\/v2\/types\/post"}],"author":[{"embeddable":true,"href":"https:\/\/agora.xtec.cat\/ceip-dolorsalmeda-cornella\/wp-json\/wp\/v2\/users\/6"}],"replies":[{"embeddable":true,"href":"https:\/\/agora.xtec.cat\/ceip-dolorsalmeda-cornella\/wp-json\/wp\/v2\/comments?post=1795"}],"version-history":[{"count":1,"href":"https:\/\/agora.xtec.cat\/ceip-dolorsalmeda-cornella\/wp-json\/wp\/v2\/posts\/1795\/revisions"}],"predecessor-version":[{"id":1797,"href":"https:\/\/agora.xtec.cat\/ceip-dolorsalmeda-cornella\/wp-json\/wp\/v2\/posts\/1795\/revisions\/1797"}],"wp:featuredmedia":[{"embeddable":true,"href":"https:\/\/agora.xtec.cat\/ceip-dolorsalmeda-cornella\/wp-json\/wp\/v2\/media\/1796"}],"wp:attachment":[{"href":"https:\/\/agora.xtec.cat\/ceip-dolorsalmeda-cornella\/wp-json\/wp\/v2\/media?parent=1795"}],"wp:term":[{"taxonomy":"category","embeddable":true,"href":"https:\/\/agora.xtec.cat\/ceip-dolorsalmeda-cornella\/wp-json\/wp\/v2\/categories?post=1795"},{"taxonomy":"post_tag","embeddable":true,"href":"https:\/\/agora.xtec.cat\/ceip-dolorsalmeda-cornella\/wp-json\/wp\/v2\/tags?post=1795"}],"curies":[{"name":"wp","href":"https:\/\/api.w.org\/{rel}","templated":true}]}}