{"id":1772,"date":"2019-02-20T13:13:10","date_gmt":"2019-02-20T12:13:10","guid":{"rendered":"http:\/\/agora.xtec.cat\/ceip-dolorsalmeda-cornella\/?p=1772"},"modified":"2019-02-20T13:13:10","modified_gmt":"2019-02-20T12:13:10","slug":"cornella-miniatura-1rb","status":"publish","type":"post","link":"https:\/\/agora.xtec.cat\/ceip-dolorsalmeda-cornella\/general\/cornella-miniatura-1rb\/","title":{"rendered":"Cornell\u00e0 miniatura 1rB"},"content":{"rendered":"<p><a href=\"https:\/\/agora.xtec.cat\/ceip-dolorsalmeda-cornella\/wp-content\/uploads\/usu30\/2019\/02\/CORNELLA-MINIATURA19.jpg\"><img loading=\"lazy\" decoding=\"async\" class=\" wp-image-1775\" src=\"https:\/\/agora.xtec.cat\/ceip-dolorsalmeda-cornella\/wp-content\/uploads\/usu30\/2019\/02\/CORNELLA-MINIATURA19.jpg\" alt=\"\" width=\"309\" height=\"232\" srcset=\"https:\/\/agora.xtec.cat\/ceip-dolorsalmeda-cornella\/wp-content\/uploads\/usu30\/2019\/02\/CORNELLA-MINIATURA19.jpg 800w, https:\/\/agora.xtec.cat\/ceip-dolorsalmeda-cornella\/wp-content\/uploads\/usu30\/2019\/02\/CORNELLA-MINIATURA19-300x225.jpg 300w, https:\/\/agora.xtec.cat\/ceip-dolorsalmeda-cornella\/wp-content\/uploads\/usu30\/2019\/02\/CORNELLA-MINIATURA19-768x576.jpg 768w, https:\/\/agora.xtec.cat\/ceip-dolorsalmeda-cornella\/wp-content\/uploads\/usu30\/2019\/02\/CORNELLA-MINIATURA19-200x150.jpg 200w\" sizes=\"auto, (max-width: 309px) 100vw, 309px\" \/><\/a><\/p>\n<p style=\"text-align: justify;\">El dimecres 20 de febrer, els alumnes de 1rB van anar a visitar Cornell\u00e0 en miniatura, un espai on els infants poden potenciar el joc a trav\u00e9s dels edificis i espais m\u00e9s emblem\u00e0tics de la nostra ciutat fent cr\u00e9ixer des de ben petits el sentiment de pert\u00e0nyer a Cornell\u00e0. En aquest espai, ubicat en l&#8217;edifici del PELL (Poliesportiu Llobregat), troben maquetes de la Torre de la Miranda, el Titan, l&#8217;esgl\u00e9sia, la Fira, la pla\u00e7a Catalunya o el castell, i en cadascun dels espais troben una proposta per gaudir d&#8217;una estona l\u00fadica amb els seus companys\/es tot coneixent el patrimoni de la seva ciutat.<\/p>\n<p><a href=\"https:\/\/photos.app.goo.gl\/NzdKHpcdyDK4yfNX9\" target=\"_blank\" rel=\"noopener\">FOTOS<\/a><\/p>\n","protected":false},"excerpt":{"rendered":"<p><a href=\"https:\/\/agora.xtec.cat\/ceip-dolorsalmeda-cornella\/wp-content\/uploads\/usu30\/2019\/02\/CORNELLA-MINIATURA19.jpg\"><\/a><br \/>\nEl dimecres 20 de febrer, els alumnes de 1rB van anar a visitar Cornell\u00e0 en miniatura, un espai on els infants poden potenciar el joc a trav\u00e9s dels edificis i espais m\u00e9s emblem\u00e0tics de la nostra ciutat fent cr\u00e9ixer des de ben petits el&hellip;  <a href=\"https:\/\/agora.xtec.cat\/ceip-dolorsalmeda-cornella\/general\/cornella-miniatura-1rb\/\" title=\"Read Cornell\u00e0 miniatura 1rB\">Llegeix m\u00e9s\u00bb<\/a><\/p>\n","protected":false},"author":1,"featured_media":1775,"comment_status":"open","ping_status":"closed","sticky":false,"template":"","format":"standard","meta":{"_bbp_topic_count":0,"_bbp_reply_count":0,"_bbp_total_topic_count":0,"_bbp_total_reply_count":0,"_bbp_voice_count":0,"_bbp_anonymous_reply_count":0,"_bbp_topic_count_hidden":0,"_bbp_reply_count_hidden":0,"_bbp_forum_subforum_count":0,"footnotes":""},"categories":[10,1,4,5],"tags":[179,73,16,168],"class_list":["post-1772","post","type-post","status-publish","format-standard","has-post-thumbnail","hentry","category-1r","category-general","category-portada","category-primaria","tag-cornella","tag-projecte","tag-sortides","tag-un-tomb-pel-mon"],"post_mailing_queue_ids":[],"_links":{"self":[{"href":"https:\/\/agora.xtec.cat\/ceip-dolorsalmeda-cornella\/wp-json\/wp\/v2\/posts\/1772","targetHints":{"allow":["GET"]}}],"collection":[{"href":"https:\/\/agora.xtec.cat\/ceip-dolorsalmeda-cornella\/wp-json\/wp\/v2\/posts"}],"about":[{"href":"https:\/\/agora.xtec.cat\/ceip-dolorsalmeda-cornella\/wp-json\/wp\/v2\/types\/post"}],"author":[{"embeddable":true,"href":"https:\/\/agora.xtec.cat\/ceip-dolorsalmeda-cornella\/wp-json\/wp\/v2\/users\/1"}],"replies":[{"embeddable":true,"href":"https:\/\/agora.xtec.cat\/ceip-dolorsalmeda-cornella\/wp-json\/wp\/v2\/comments?post=1772"}],"version-history":[{"count":2,"href":"https:\/\/agora.xtec.cat\/ceip-dolorsalmeda-cornella\/wp-json\/wp\/v2\/posts\/1772\/revisions"}],"predecessor-version":[{"id":1777,"href":"https:\/\/agora.xtec.cat\/ceip-dolorsalmeda-cornella\/wp-json\/wp\/v2\/posts\/1772\/revisions\/1777"}],"wp:featuredmedia":[{"embeddable":true,"href":"https:\/\/agora.xtec.cat\/ceip-dolorsalmeda-cornella\/wp-json\/wp\/v2\/media\/1775"}],"wp:attachment":[{"href":"https:\/\/agora.xtec.cat\/ceip-dolorsalmeda-cornella\/wp-json\/wp\/v2\/media?parent=1772"}],"wp:term":[{"taxonomy":"category","embeddable":true,"href":"https:\/\/agora.xtec.cat\/ceip-dolorsalmeda-cornella\/wp-json\/wp\/v2\/categories?post=1772"},{"taxonomy":"post_tag","embeddable":true,"href":"https:\/\/agora.xtec.cat\/ceip-dolorsalmeda-cornella\/wp-json\/wp\/v2\/tags?post=1772"}],"curies":[{"name":"wp","href":"https:\/\/api.w.org\/{rel}","templated":true}]}}