{"id":1753,"date":"2019-02-12T17:33:46","date_gmt":"2019-02-12T16:33:46","guid":{"rendered":"http:\/\/agora.xtec.cat\/ceip-dolorsalmeda-cornella\/?p=1753"},"modified":"2019-02-12T17:33:46","modified_gmt":"2019-02-12T16:33:46","slug":"projecte-em-sento","status":"publish","type":"post","link":"https:\/\/agora.xtec.cat\/ceip-dolorsalmeda-cornella\/general\/projecte-em-sento\/","title":{"rendered":"Projecte &#8220;Em sento&#8221;"},"content":{"rendered":"<p><a href=\"https:\/\/agora.xtec.cat\/ceip-dolorsalmeda-cornella\/wp-content\/uploads\/usu30\/2019\/02\/SEGON-A_07.jpg\"><img loading=\"lazy\" decoding=\"async\" class=\"wp-image-1754 aligncenter\" src=\"https:\/\/agora.xtec.cat\/ceip-dolorsalmeda-cornella\/wp-content\/uploads\/usu30\/2019\/02\/SEGON-A_07-1024x768.jpg\" alt=\"\" width=\"386\" height=\"289\" srcset=\"https:\/\/agora.xtec.cat\/ceip-dolorsalmeda-cornella\/wp-content\/uploads\/usu30\/2019\/02\/SEGON-A_07-1024x768.jpg 1024w, https:\/\/agora.xtec.cat\/ceip-dolorsalmeda-cornella\/wp-content\/uploads\/usu30\/2019\/02\/SEGON-A_07-300x225.jpg 300w, https:\/\/agora.xtec.cat\/ceip-dolorsalmeda-cornella\/wp-content\/uploads\/usu30\/2019\/02\/SEGON-A_07-768x576.jpg 768w, https:\/\/agora.xtec.cat\/ceip-dolorsalmeda-cornella\/wp-content\/uploads\/usu30\/2019\/02\/SEGON-A_07-200x150.jpg 200w\" sizes=\"auto, (max-width: 386px) 100vw, 386px\" \/><\/a><\/p>\n<p>Des del dilluns 28 de gener fins el dia 8 de febrer, els infants de l&#8217;escola (des de 1r fins a 6\u00e8) han participat a diferents tallers sobre &#8220;Educaci\u00f3 per la igualtat i l&#8217;afectivitat&#8221;,\u00a0 adaptats a l&#8217;edat i a l&#8217;etapa educativa i enmarcats dins del projecte de l\u2019AMPA &#8220;EM SENTO&#8221; amb el suport de\u00a0l\u2019Ajuntament de Cornell\u00e0<strong>.\u00a0<\/strong><\/p>\n<p>En aquests tallers, els infants han pogut parlar, intercanviar opinions i conversar a diferents nivells: treballar l&#8217;autoconfian\u00e7a; conversar sobre les caracter\u00edstiques i qualitats de les persones per poder crear-se una imatge ajustada i positiva d&#8217;un mateix; sensibilitzar-se sobre diferents aspectes de la salut; abordar la socialitzaci\u00f3 de g\u00e8nere i els rols sexuals; prendre consci\u00e8ncia del dret a la igualtat entre els individus i el respecte davant la difer\u00e8ncia; treballar el civisme, la toler\u00e0ncia i el comprom\u00eds envers la participaci\u00f3 social i les relacions personals&#8230;<\/p>\n<p>Aquests tallers han perm\u00e8s als infants con\u00e8ixer-se una mica millor, parlar i aclarir alguns mites o prejudicis, expressar emocions i sentiments i reflexionar sobre el respecte envers un mateix i els altres.<\/p>\n<p><a href=\"https:\/\/photos.app.goo.gl\/meUKictWsPakLhY1A\" target=\"_blank\" rel=\"noopener\">FOTOS<\/a><\/p>\n","protected":false},"excerpt":{"rendered":"<p><a href=\"https:\/\/agora.xtec.cat\/ceip-dolorsalmeda-cornella\/wp-content\/uploads\/usu30\/2019\/02\/SEGON-A_07.jpg\"><\/a><br \/>\nDes del dilluns 28 de gener fins el dia 8 de febrer, els infants de l&#8217;escola (des de 1r fins a 6\u00e8) han participat a diferents tallers sobre &#8220;Educaci\u00f3 per la igualtat i l&#8217;afectivitat&#8221;,\u00a0 adaptats a l&#8217;edat i a l&#8217;etapa educativa i enmarcats dins&hellip;  <a href=\"https:\/\/agora.xtec.cat\/ceip-dolorsalmeda-cornella\/general\/projecte-em-sento\/\" title=\"Read Projecte &#8220;Em sento&#8221;\">Llegeix m\u00e9s\u00bb<\/a><\/p>\n","protected":false},"author":1,"featured_media":1754,"comment_status":"open","ping_status":"closed","sticky":false,"template":"","format":"standard","meta":{"_bbp_topic_count":0,"_bbp_reply_count":0,"_bbp_total_topic_count":0,"_bbp_total_reply_count":0,"_bbp_voice_count":0,"_bbp_anonymous_reply_count":0,"_bbp_topic_count_hidden":0,"_bbp_reply_count_hidden":0,"_bbp_forum_subforum_count":0,"footnotes":""},"categories":[10,11,12,13,14,15,7,1,4,5],"tags":[186,185],"class_list":["post-1753","post","type-post","status-publish","format-standard","has-post-thumbnail","hentry","category-1r","category-2n","category-3r","category-4t","category-5e","category-6e","category-ampa","category-general","category-portada","category-primaria","tag-emocions","tag-taller"],"post_mailing_queue_ids":[],"_links":{"self":[{"href":"https:\/\/agora.xtec.cat\/ceip-dolorsalmeda-cornella\/wp-json\/wp\/v2\/posts\/1753","targetHints":{"allow":["GET"]}}],"collection":[{"href":"https:\/\/agora.xtec.cat\/ceip-dolorsalmeda-cornella\/wp-json\/wp\/v2\/posts"}],"about":[{"href":"https:\/\/agora.xtec.cat\/ceip-dolorsalmeda-cornella\/wp-json\/wp\/v2\/types\/post"}],"author":[{"embeddable":true,"href":"https:\/\/agora.xtec.cat\/ceip-dolorsalmeda-cornella\/wp-json\/wp\/v2\/users\/1"}],"replies":[{"embeddable":true,"href":"https:\/\/agora.xtec.cat\/ceip-dolorsalmeda-cornella\/wp-json\/wp\/v2\/comments?post=1753"}],"version-history":[{"count":1,"href":"https:\/\/agora.xtec.cat\/ceip-dolorsalmeda-cornella\/wp-json\/wp\/v2\/posts\/1753\/revisions"}],"predecessor-version":[{"id":1755,"href":"https:\/\/agora.xtec.cat\/ceip-dolorsalmeda-cornella\/wp-json\/wp\/v2\/posts\/1753\/revisions\/1755"}],"wp:featuredmedia":[{"embeddable":true,"href":"https:\/\/agora.xtec.cat\/ceip-dolorsalmeda-cornella\/wp-json\/wp\/v2\/media\/1754"}],"wp:attachment":[{"href":"https:\/\/agora.xtec.cat\/ceip-dolorsalmeda-cornella\/wp-json\/wp\/v2\/media?parent=1753"}],"wp:term":[{"taxonomy":"category","embeddable":true,"href":"https:\/\/agora.xtec.cat\/ceip-dolorsalmeda-cornella\/wp-json\/wp\/v2\/categories?post=1753"},{"taxonomy":"post_tag","embeddable":true,"href":"https:\/\/agora.xtec.cat\/ceip-dolorsalmeda-cornella\/wp-json\/wp\/v2\/tags?post=1753"}],"curies":[{"name":"wp","href":"https:\/\/api.w.org\/{rel}","templated":true}]}}