{"id":1713,"date":"2019-01-21T17:43:16","date_gmt":"2019-01-21T16:43:16","guid":{"rendered":"http:\/\/agora.xtec.cat\/ceip-dolorsalmeda-cornella\/?p=1713"},"modified":"2019-07-03T13:56:55","modified_gmt":"2019-07-03T11:56:55","slug":"projecte-i-tallers-del-cicle-superior","status":"publish","type":"post","link":"https:\/\/agora.xtec.cat\/ceip-dolorsalmeda-cornella\/general\/projecte-i-tallers-del-cicle-superior\/","title":{"rendered":"Projecte i tallers del cicle superior"},"content":{"rendered":"<p>Durant la setmana de projecte el cicle superior s\u2019ha\u00a0 transformat durant uns dies en ag\u00e8ncies de viatges.<\/p>\n<p>Cada grup ha preparat un viatge de 7 dies per a 4 persones a alguna ciutat del m\u00f3n. Tenien un pressupost tancat i s\u2019han organitzat per trobar els vols, l\u2019hotel i les visites m\u00e9s interessants.<\/p>\n<p>Ens han preparat un dossier amb tota la informaci\u00f3 necess\u00e0ria per poder anar de turisme al lloc que ha triat cada grup (breu hist\u00f2ria, clima, documentaci\u00f3, visites, consells, etc.)<\/p>\n<p>Durant el projecte hem fet tres tallers diferents on els nostres alumnes han practicat 2 balls de cultures del m\u00f3n com s\u00f3n la Salsa i el Sirtaki, han fet maquetes, amb plastelina i altres materials, dels monuments m\u00e9s representatius de la ciutat i un taller digital per poder penjar tota la informaci\u00f3 en un format de presentacions web.<\/p>\n<p>Han gaudit molt\u00edssim i aquest projecte els ha despertat un inter\u00e8s enorme.<\/p>\n<p>Amb la col\u00b7laboraci\u00f3 de:<\/p>\n<p><a href=\"https:\/\/agora.xtec.cat\/ceip-dolorsalmeda-cornella\/wp-content\/uploads\/usu30\/2019\/01\/ajcornella_colorRGB_hor.jpg\"><img loading=\"lazy\" decoding=\"async\" class=\"alignnone wp-image-2163\" src=\"https:\/\/agora.xtec.cat\/ceip-dolorsalmeda-cornella\/wp-content\/uploads\/usu30\/2019\/01\/ajcornella_colorRGB_hor-1024x390.jpg\" alt=\"\" width=\"368\" height=\"140\" srcset=\"https:\/\/agora.xtec.cat\/ceip-dolorsalmeda-cornella\/wp-content\/uploads\/usu30\/2019\/01\/ajcornella_colorRGB_hor-1024x390.jpg 1024w, https:\/\/agora.xtec.cat\/ceip-dolorsalmeda-cornella\/wp-content\/uploads\/usu30\/2019\/01\/ajcornella_colorRGB_hor-300x114.jpg 300w, https:\/\/agora.xtec.cat\/ceip-dolorsalmeda-cornella\/wp-content\/uploads\/usu30\/2019\/01\/ajcornella_colorRGB_hor-768x292.jpg 768w\" sizes=\"auto, (max-width: 368px) 100vw, 368px\" \/><\/a><\/p>\n<p><a href=\"https:\/\/photos.app.goo.gl\/rr5o3WJbAtQ2Afat7\">FOTOS\u00a0<\/a><\/p>\n","protected":false},"excerpt":{"rendered":"<p>Durant la setmana de projecte el cicle superior s\u2019ha\u00a0 transformat durant uns dies en ag\u00e8ncies de viatges.<br \/>\nCada grup ha preparat un viatge de 7 dies per a 4 persones a alguna ciutat del m\u00f3n. Tenien un pressupost tancat i s\u2019han organitzat per trobar els vols,&hellip;  <a href=\"https:\/\/agora.xtec.cat\/ceip-dolorsalmeda-cornella\/general\/projecte-i-tallers-del-cicle-superior\/\" title=\"Read Projecte i tallers del cicle superior\">Llegeix m\u00e9s\u00bb<\/a><\/p>\n","protected":false},"author":6,"featured_media":1714,"comment_status":"open","ping_status":"closed","sticky":false,"template":"","format":"standard","meta":{"_bbp_topic_count":0,"_bbp_reply_count":0,"_bbp_total_topic_count":0,"_bbp_total_reply_count":0,"_bbp_voice_count":0,"_bbp_anonymous_reply_count":0,"_bbp_topic_count_hidden":0,"_bbp_reply_count_hidden":0,"_bbp_forum_subforum_count":0,"footnotes":""},"categories":[14,15,1,4,5],"tags":[73],"class_list":["post-1713","post","type-post","status-publish","format-standard","has-post-thumbnail","hentry","category-5e","category-6e","category-general","category-portada","category-primaria","tag-projecte"],"post_mailing_queue_ids":[],"_links":{"self":[{"href":"https:\/\/agora.xtec.cat\/ceip-dolorsalmeda-cornella\/wp-json\/wp\/v2\/posts\/1713","targetHints":{"allow":["GET"]}}],"collection":[{"href":"https:\/\/agora.xtec.cat\/ceip-dolorsalmeda-cornella\/wp-json\/wp\/v2\/posts"}],"about":[{"href":"https:\/\/agora.xtec.cat\/ceip-dolorsalmeda-cornella\/wp-json\/wp\/v2\/types\/post"}],"author":[{"embeddable":true,"href":"https:\/\/agora.xtec.cat\/ceip-dolorsalmeda-cornella\/wp-json\/wp\/v2\/users\/6"}],"replies":[{"embeddable":true,"href":"https:\/\/agora.xtec.cat\/ceip-dolorsalmeda-cornella\/wp-json\/wp\/v2\/comments?post=1713"}],"version-history":[{"count":3,"href":"https:\/\/agora.xtec.cat\/ceip-dolorsalmeda-cornella\/wp-json\/wp\/v2\/posts\/1713\/revisions"}],"predecessor-version":[{"id":2188,"href":"https:\/\/agora.xtec.cat\/ceip-dolorsalmeda-cornella\/wp-json\/wp\/v2\/posts\/1713\/revisions\/2188"}],"wp:featuredmedia":[{"embeddable":true,"href":"https:\/\/agora.xtec.cat\/ceip-dolorsalmeda-cornella\/wp-json\/wp\/v2\/media\/1714"}],"wp:attachment":[{"href":"https:\/\/agora.xtec.cat\/ceip-dolorsalmeda-cornella\/wp-json\/wp\/v2\/media?parent=1713"}],"wp:term":[{"taxonomy":"category","embeddable":true,"href":"https:\/\/agora.xtec.cat\/ceip-dolorsalmeda-cornella\/wp-json\/wp\/v2\/categories?post=1713"},{"taxonomy":"post_tag","embeddable":true,"href":"https:\/\/agora.xtec.cat\/ceip-dolorsalmeda-cornella\/wp-json\/wp\/v2\/tags?post=1713"}],"curies":[{"name":"wp","href":"https:\/\/api.w.org\/{rel}","templated":true}]}}