{"id":1702,"date":"2019-01-23T17:46:18","date_gmt":"2019-01-23T16:46:18","guid":{"rendered":"http:\/\/agora.xtec.cat\/ceip-dolorsalmeda-cornella\/?p=1702"},"modified":"2019-01-23T17:46:18","modified_gmt":"2019-01-23T16:46:18","slug":"el-trencanous-al-patronat","status":"publish","type":"post","link":"https:\/\/agora.xtec.cat\/ceip-dolorsalmeda-cornella\/general\/el-trencanous-al-patronat\/","title":{"rendered":"El trencanous al Patronat"},"content":{"rendered":"<p><a href=\"https:\/\/agora.xtec.cat\/ceip-dolorsalmeda-cornella\/wp-content\/uploads\/usu30\/2019\/01\/PATRONAT-1R-I-2N17-1.jpg\"><img loading=\"lazy\" decoding=\"async\" class=\" wp-image-1708\" src=\"https:\/\/agora.xtec.cat\/ceip-dolorsalmeda-cornella\/wp-content\/uploads\/usu30\/2019\/01\/PATRONAT-1R-I-2N17-1.jpg\" alt=\"\" width=\"396\" height=\"297\" srcset=\"https:\/\/agora.xtec.cat\/ceip-dolorsalmeda-cornella\/wp-content\/uploads\/usu30\/2019\/01\/PATRONAT-1R-I-2N17-1.jpg 640w, https:\/\/agora.xtec.cat\/ceip-dolorsalmeda-cornella\/wp-content\/uploads\/usu30\/2019\/01\/PATRONAT-1R-I-2N17-1-300x225.jpg 300w, https:\/\/agora.xtec.cat\/ceip-dolorsalmeda-cornella\/wp-content\/uploads\/usu30\/2019\/01\/PATRONAT-1R-I-2N17-1-200x150.jpg 200w\" sizes=\"auto, (max-width: 396px) 100vw, 396px\" \/><\/a><\/p>\n<p style=\"text-align: justify;\">La Carla i el Quintet Quatre+1 van convidar als alumnes de cicle inicial a fer un viatge m\u00e0gic al m\u00f3n que va\u00a0imaginar Piotr Ilitx Txaikovski en el seu ballet del Trencanous. Per rec\u00f3rrer aquest\u00a0univers el vehicle que van fer servir va ser el somni i els va acompanyar la Carla.\u00a0Tot comen\u00e7a un dia quan la Carla decideix posar ordre a les golfes i es troba una caixa<br \/>\nplena de contes, entre tots els llibre troba \u201cEl Trencanous\u201d. Nom\u00e9s recordar com li\u00a0agradava aquesta hist\u00f2ria apareixen de cop i volta uns m\u00fasics. Amb la imaginaci\u00f3 i la\u00a0m\u00fasica, la Carla i els m\u00fasics els portaran fins la m\u00e0gica nit de Nadal quan la Martina i\u00a0en Roc esperen impacients obrir els regals de Nadal.<\/p>\n<p><a href=\"https:\/\/photos.app.goo.gl\/VsQJ7ncE8e33R8UL9\" target=\"_blank\" rel=\"noopener\">FOTOS<\/a><\/p>\n","protected":false},"excerpt":{"rendered":"<p><a href=\"https:\/\/agora.xtec.cat\/ceip-dolorsalmeda-cornella\/wp-content\/uploads\/usu30\/2019\/01\/PATRONAT-1R-I-2N17-1.jpg\"><\/a><br \/>\nLa Carla i el Quintet Quatre+1 van convidar als alumnes de cicle inicial a fer un viatge m\u00e0gic al m\u00f3n que va\u00a0imaginar Piotr Ilitx Txaikovski en el seu ballet del Trencanous. Per rec\u00f3rrer aquest\u00a0univers el vehicle que van fer servir va ser el somni&hellip;  <a href=\"https:\/\/agora.xtec.cat\/ceip-dolorsalmeda-cornella\/general\/el-trencanous-al-patronat\/\" title=\"Read El trencanous al Patronat\">Llegeix m\u00e9s\u00bb<\/a><\/p>\n","protected":false},"author":1,"featured_media":1708,"comment_status":"open","ping_status":"closed","sticky":false,"template":"","format":"standard","meta":{"_bbp_topic_count":0,"_bbp_reply_count":0,"_bbp_total_topic_count":0,"_bbp_total_reply_count":0,"_bbp_voice_count":0,"_bbp_anonymous_reply_count":0,"_bbp_topic_count_hidden":0,"_bbp_reply_count_hidden":0,"_bbp_forum_subforum_count":0,"footnotes":""},"categories":[10,11,1,4,5],"tags":[125,67,124],"class_list":["post-1702","post","type-post","status-publish","format-standard","has-post-thumbnail","hentry","category-1r","category-2n","category-general","category-portada","category-primaria","tag-audicio","tag-musica","tag-patronat"],"post_mailing_queue_ids":[],"_links":{"self":[{"href":"https:\/\/agora.xtec.cat\/ceip-dolorsalmeda-cornella\/wp-json\/wp\/v2\/posts\/1702","targetHints":{"allow":["GET"]}}],"collection":[{"href":"https:\/\/agora.xtec.cat\/ceip-dolorsalmeda-cornella\/wp-json\/wp\/v2\/posts"}],"about":[{"href":"https:\/\/agora.xtec.cat\/ceip-dolorsalmeda-cornella\/wp-json\/wp\/v2\/types\/post"}],"author":[{"embeddable":true,"href":"https:\/\/agora.xtec.cat\/ceip-dolorsalmeda-cornella\/wp-json\/wp\/v2\/users\/1"}],"replies":[{"embeddable":true,"href":"https:\/\/agora.xtec.cat\/ceip-dolorsalmeda-cornella\/wp-json\/wp\/v2\/comments?post=1702"}],"version-history":[{"count":2,"href":"https:\/\/agora.xtec.cat\/ceip-dolorsalmeda-cornella\/wp-json\/wp\/v2\/posts\/1702\/revisions"}],"predecessor-version":[{"id":1709,"href":"https:\/\/agora.xtec.cat\/ceip-dolorsalmeda-cornella\/wp-json\/wp\/v2\/posts\/1702\/revisions\/1709"}],"wp:featuredmedia":[{"embeddable":true,"href":"https:\/\/agora.xtec.cat\/ceip-dolorsalmeda-cornella\/wp-json\/wp\/v2\/media\/1708"}],"wp:attachment":[{"href":"https:\/\/agora.xtec.cat\/ceip-dolorsalmeda-cornella\/wp-json\/wp\/v2\/media?parent=1702"}],"wp:term":[{"taxonomy":"category","embeddable":true,"href":"https:\/\/agora.xtec.cat\/ceip-dolorsalmeda-cornella\/wp-json\/wp\/v2\/categories?post=1702"},{"taxonomy":"post_tag","embeddable":true,"href":"https:\/\/agora.xtec.cat\/ceip-dolorsalmeda-cornella\/wp-json\/wp\/v2\/tags?post=1702"}],"curies":[{"name":"wp","href":"https:\/\/api.w.org\/{rel}","templated":true}]}}