{"id":1685,"date":"2019-01-18T18:13:45","date_gmt":"2019-01-18T17:13:45","guid":{"rendered":"http:\/\/agora.xtec.cat\/ceip-dolorsalmeda-cornella\/?p=1685"},"modified":"2019-06-19T07:37:05","modified_gmt":"2019-06-19T05:37:05","slug":"tallers-de-kapla","status":"publish","type":"post","link":"https:\/\/agora.xtec.cat\/ceip-dolorsalmeda-cornella\/general\/tallers-de-kapla\/","title":{"rendered":"Tallers de kapla"},"content":{"rendered":"<p style=\"text-align: left;\">El Kapla \u00e9s un joc pedag\u00f2gic de construcci\u00f3 que crea curiositat, desenvolupa la imaginaci\u00f3 i la concentraci\u00f3. Tot i ser un joc tradicional, \u00e9s alhora diferent i innovador. T\u00e9 com a base per al joc peces rectangulars de fusta de pi, totes elles de la mateixa mida. A trav\u00e9s de la combinaci\u00f3, sense encaixos, d&#8217;aquestes peces, els alumnes de cicle mitj\u00e0 i superior aniran construint fins divendres a la tarda diferents figures. Amb l&#8217;ajuda de dos monitors especialitzats en Kapla, \u00a0ja han comen\u00e7at a transformar el nostre gimn\u00e0s en una meravellosa ciutat constru\u00efda amb milers de petites peces. No deixeu de visitar-la \u00a0<strong>divendres de 16:30 a 17h.\u00a0<\/strong>Aquesta activitat s&#8217;ha realitzat amb la col\u00b7laboraci\u00f3 de:<\/p>\n<p><a href=\"https:\/\/agora.xtec.cat\/ceip-dolorsalmeda-cornella\/wp-content\/uploads\/usu30\/2019\/01\/ajcornella_colorRGB_hor.jpg\"><img loading=\"lazy\" decoding=\"async\" class=\"alignnone  wp-image-2163\" src=\"https:\/\/agora.xtec.cat\/ceip-dolorsalmeda-cornella\/wp-content\/uploads\/usu30\/2019\/01\/ajcornella_colorRGB_hor-1024x390.jpg\" alt=\"\" width=\"376\" height=\"143\" srcset=\"https:\/\/agora.xtec.cat\/ceip-dolorsalmeda-cornella\/wp-content\/uploads\/usu30\/2019\/01\/ajcornella_colorRGB_hor-1024x390.jpg 1024w, https:\/\/agora.xtec.cat\/ceip-dolorsalmeda-cornella\/wp-content\/uploads\/usu30\/2019\/01\/ajcornella_colorRGB_hor-300x114.jpg 300w, https:\/\/agora.xtec.cat\/ceip-dolorsalmeda-cornella\/wp-content\/uploads\/usu30\/2019\/01\/ajcornella_colorRGB_hor-768x292.jpg 768w\" sizes=\"auto, (max-width: 376px) 100vw, 376px\" \/><\/a><\/p>\n<p style=\"text-align: left;\">Us deixem unes quantes fotos perqu\u00e8 gaudiu de les imatges!<\/p>\n<p><a href=\"https:\/\/photos.app.goo.gl\/Hueq9mUKmDdeBX8Z6\">FOTOS 3r A<\/a><\/p>\n<p><a href=\"https:\/\/photos.app.goo.gl\/tmXq6UwuuLD3s6R5A\">FOTOS 3r B<\/a><\/p>\n<p><a href=\"https:\/\/photos.app.goo.gl\/fFgZtXMZRopXjMYCA\">FOTOS 5\u00e8 A<\/a><\/p>\n<p><a href=\"https:\/\/photos.app.goo.gl\/YxBpEDuUSFGsMien9\">FOTOS 4t B<\/a><\/p>\n<p><a href=\"https:\/\/photos.app.goo.gl\/XN3YWUPQvzxtrRv66\">FOTOS 6\u00e8 B<\/a><\/p>\n<p><a href=\"https:\/\/photos.app.goo.gl\/weCWM3TCLtQiecRK7\">FOTOS 6\u00e8 A<\/a><\/p>\n<p><a href=\"https:\/\/photos.app.goo.gl\/NqL6Ei97sZNhgWcf7\">FOTOS 5\u00e8 B<\/a><\/p>\n<p><a href=\"https:\/\/photos.app.goo.gl\/rx5E3vSLAdvJchcN8\">FOTOS 4tA<\/a><\/p>\n","protected":false},"excerpt":{"rendered":"<p>El Kapla \u00e9s un joc pedag\u00f2gic de construcci\u00f3 que crea curiositat, desenvolupa la imaginaci\u00f3 i la concentraci\u00f3. Tot i ser un joc tradicional, \u00e9s alhora diferent i innovador. T\u00e9 com a base per al joc peces rectangulars de fusta de pi, totes elles de la&hellip;  <a href=\"https:\/\/agora.xtec.cat\/ceip-dolorsalmeda-cornella\/general\/tallers-de-kapla\/\" title=\"Read Tallers de kapla\">Llegeix m\u00e9s\u00bb<\/a><\/p>\n","protected":false},"author":6,"featured_media":1687,"comment_status":"open","ping_status":"closed","sticky":false,"template":"","format":"standard","meta":{"_bbp_topic_count":0,"_bbp_reply_count":0,"_bbp_total_topic_count":0,"_bbp_total_reply_count":0,"_bbp_voice_count":0,"_bbp_anonymous_reply_count":0,"_bbp_topic_count_hidden":0,"_bbp_reply_count_hidden":0,"_bbp_forum_subforum_count":0,"footnotes":""},"categories":[12,13,14,15,1,4,5],"tags":[89],"class_list":["post-1685","post","type-post","status-publish","format-standard","has-post-thumbnail","hentry","category-3r","category-4t","category-5e","category-6e","category-general","category-portada","category-primaria","tag-tallers"],"post_mailing_queue_ids":[],"_links":{"self":[{"href":"https:\/\/agora.xtec.cat\/ceip-dolorsalmeda-cornella\/wp-json\/wp\/v2\/posts\/1685","targetHints":{"allow":["GET"]}}],"collection":[{"href":"https:\/\/agora.xtec.cat\/ceip-dolorsalmeda-cornella\/wp-json\/wp\/v2\/posts"}],"about":[{"href":"https:\/\/agora.xtec.cat\/ceip-dolorsalmeda-cornella\/wp-json\/wp\/v2\/types\/post"}],"author":[{"embeddable":true,"href":"https:\/\/agora.xtec.cat\/ceip-dolorsalmeda-cornella\/wp-json\/wp\/v2\/users\/6"}],"replies":[{"embeddable":true,"href":"https:\/\/agora.xtec.cat\/ceip-dolorsalmeda-cornella\/wp-json\/wp\/v2\/comments?post=1685"}],"version-history":[{"count":3,"href":"https:\/\/agora.xtec.cat\/ceip-dolorsalmeda-cornella\/wp-json\/wp\/v2\/posts\/1685\/revisions"}],"predecessor-version":[{"id":2164,"href":"https:\/\/agora.xtec.cat\/ceip-dolorsalmeda-cornella\/wp-json\/wp\/v2\/posts\/1685\/revisions\/2164"}],"wp:featuredmedia":[{"embeddable":true,"href":"https:\/\/agora.xtec.cat\/ceip-dolorsalmeda-cornella\/wp-json\/wp\/v2\/media\/1687"}],"wp:attachment":[{"href":"https:\/\/agora.xtec.cat\/ceip-dolorsalmeda-cornella\/wp-json\/wp\/v2\/media?parent=1685"}],"wp:term":[{"taxonomy":"category","embeddable":true,"href":"https:\/\/agora.xtec.cat\/ceip-dolorsalmeda-cornella\/wp-json\/wp\/v2\/categories?post=1685"},{"taxonomy":"post_tag","embeddable":true,"href":"https:\/\/agora.xtec.cat\/ceip-dolorsalmeda-cornella\/wp-json\/wp\/v2\/tags?post=1685"}],"curies":[{"name":"wp","href":"https:\/\/api.w.org\/{rel}","templated":true}]}}