{"id":1672,"date":"2019-01-16T13:47:43","date_gmt":"2019-01-16T12:47:43","guid":{"rendered":"http:\/\/agora.xtec.cat\/ceip-dolorsalmeda-cornella\/?p=1672"},"modified":"2019-07-03T13:55:49","modified_gmt":"2019-07-03T11:55:49","slug":"tallers-de-la-setmana-cultural","status":"publish","type":"post","link":"https:\/\/agora.xtec.cat\/ceip-dolorsalmeda-cornella\/general\/tallers-de-la-setmana-cultural\/","title":{"rendered":"Tallers de la Setmana Cultural Ed. Infantil"},"content":{"rendered":"<p><a href=\"https:\/\/agora.xtec.cat\/ceip-dolorsalmeda-cornella\/wp-content\/uploads\/usu30\/2019\/01\/tallers-setmana-cultura3.jpg\"><img loading=\"lazy\" decoding=\"async\" class=\"wp-image-1718 aligncenter\" src=\"https:\/\/agora.xtec.cat\/ceip-dolorsalmeda-cornella\/wp-content\/uploads\/usu30\/2019\/01\/tallers-setmana-cultura3.jpg\" alt=\"\" width=\"303\" height=\"227\" srcset=\"https:\/\/agora.xtec.cat\/ceip-dolorsalmeda-cornella\/wp-content\/uploads\/usu30\/2019\/01\/tallers-setmana-cultura3.jpg 800w, https:\/\/agora.xtec.cat\/ceip-dolorsalmeda-cornella\/wp-content\/uploads\/usu30\/2019\/01\/tallers-setmana-cultura3-300x225.jpg 300w, https:\/\/agora.xtec.cat\/ceip-dolorsalmeda-cornella\/wp-content\/uploads\/usu30\/2019\/01\/tallers-setmana-cultura3-768x576.jpg 768w, https:\/\/agora.xtec.cat\/ceip-dolorsalmeda-cornella\/wp-content\/uploads\/usu30\/2019\/01\/tallers-setmana-cultura3-200x150.jpg 200w\" sizes=\"auto, (max-width: 303px) 100vw, 303px\" \/><\/a><\/p>\n<p>S\u2019ha iniciat la setmana cultural \u201cUn tomb pel m\u00f3n\u201d a Educaci\u00f3 Infantil amb la proposta de 5 tallers. En el taller de jocs de taula, tenen l&#8217;oportunitat de jugar amb un joc de mem\u00f2ria, una oca i un d\u00f2mino elaborats per les mestres amb imatges d\u2019edificis i monuments de Cornell\u00e0; \u00a0el taller de construcci\u00f3 proposa als infants construir els edificis m\u00e9s emblem\u00e0tics de Cornell\u00e0 a partir de diferents peces de construccions; els alumnes tamb\u00e9 participaran a un joc de pistes on aniran trobant coses si van seguint totes les pistes que van trobant; un taller de conte on els protagonistes s\u00f3n de Cornell\u00e0; i finalment tindran l&#8217;oportunitat de construir el Castell de Cornell\u00e0 amb maons de cartr\u00f3.<\/p>\n<p><a href=\"https:\/\/photos.app.goo.gl\/gh6SusZpVs5finDu7\" target=\"_blank\" rel=\"noopener noreferrer\">FOTOS<\/a><\/p>\n<p>Amb la col\u00b7laboraci\u00f3 de:<\/p>\n<p><img loading=\"lazy\" decoding=\"async\" class=\"\" src=\"https:\/\/agora.xtec.cat\/ceip-dolorsalmeda-cornella\/wp-content\/uploads\/usu30\/2019\/01\/ajcornella_colorRGB_hor-1024x390.jpg\" width=\"270\" height=\"103\" \/><\/p>\n","protected":false},"excerpt":{"rendered":"<p><a href=\"https:\/\/agora.xtec.cat\/ceip-dolorsalmeda-cornella\/wp-content\/uploads\/usu30\/2019\/01\/tallers-setmana-cultura3.jpg\"><\/a><br \/>\nS\u2019ha iniciat la setmana cultural \u201cUn tomb pel m\u00f3n\u201d a Educaci\u00f3 Infantil amb la proposta de 5 tallers. En el taller de jocs de taula, tenen l&#8217;oportunitat de jugar amb un joc de mem\u00f2ria, una oca i un d\u00f2mino elaborats per les mestres amb&hellip;  <a href=\"https:\/\/agora.xtec.cat\/ceip-dolorsalmeda-cornella\/general\/tallers-de-la-setmana-cultural\/\" title=\"Read Tallers de la Setmana Cultural Ed. Infantil\">Llegeix m\u00e9s\u00bb<\/a><\/p>\n","protected":false},"author":1,"featured_media":1719,"comment_status":"open","ping_status":"closed","sticky":false,"template":"","format":"standard","meta":{"_bbp_topic_count":0,"_bbp_reply_count":0,"_bbp_total_topic_count":0,"_bbp_total_reply_count":0,"_bbp_voice_count":0,"_bbp_anonymous_reply_count":0,"_bbp_topic_count_hidden":0,"_bbp_reply_count_hidden":0,"_bbp_forum_subforum_count":0,"footnotes":""},"categories":[1,3,8,9,2,4],"tags":[73,177],"class_list":["post-1672","post","type-post","status-publish","format-standard","has-post-thumbnail","hentry","category-general","category-i3","category-i4","category-i5","category-infantil","category-portada","tag-projecte","tag-setmana-cultural"],"post_mailing_queue_ids":[],"_links":{"self":[{"href":"https:\/\/agora.xtec.cat\/ceip-dolorsalmeda-cornella\/wp-json\/wp\/v2\/posts\/1672","targetHints":{"allow":["GET"]}}],"collection":[{"href":"https:\/\/agora.xtec.cat\/ceip-dolorsalmeda-cornella\/wp-json\/wp\/v2\/posts"}],"about":[{"href":"https:\/\/agora.xtec.cat\/ceip-dolorsalmeda-cornella\/wp-json\/wp\/v2\/types\/post"}],"author":[{"embeddable":true,"href":"https:\/\/agora.xtec.cat\/ceip-dolorsalmeda-cornella\/wp-json\/wp\/v2\/users\/1"}],"replies":[{"embeddable":true,"href":"https:\/\/agora.xtec.cat\/ceip-dolorsalmeda-cornella\/wp-json\/wp\/v2\/comments?post=1672"}],"version-history":[{"count":3,"href":"https:\/\/agora.xtec.cat\/ceip-dolorsalmeda-cornella\/wp-json\/wp\/v2\/posts\/1672\/revisions"}],"predecessor-version":[{"id":2187,"href":"https:\/\/agora.xtec.cat\/ceip-dolorsalmeda-cornella\/wp-json\/wp\/v2\/posts\/1672\/revisions\/2187"}],"wp:featuredmedia":[{"embeddable":true,"href":"https:\/\/agora.xtec.cat\/ceip-dolorsalmeda-cornella\/wp-json\/wp\/v2\/media\/1719"}],"wp:attachment":[{"href":"https:\/\/agora.xtec.cat\/ceip-dolorsalmeda-cornella\/wp-json\/wp\/v2\/media?parent=1672"}],"wp:term":[{"taxonomy":"category","embeddable":true,"href":"https:\/\/agora.xtec.cat\/ceip-dolorsalmeda-cornella\/wp-json\/wp\/v2\/categories?post=1672"},{"taxonomy":"post_tag","embeddable":true,"href":"https:\/\/agora.xtec.cat\/ceip-dolorsalmeda-cornella\/wp-json\/wp\/v2\/tags?post=1672"}],"curies":[{"name":"wp","href":"https:\/\/api.w.org\/{rel}","templated":true}]}}