{"id":1665,"date":"2019-01-15T17:31:35","date_gmt":"2019-01-15T16:31:35","guid":{"rendered":"http:\/\/agora.xtec.cat\/ceip-dolorsalmeda-cornella\/?p=1665"},"modified":"2019-01-16T18:00:42","modified_gmt":"2019-01-16T17:00:42","slug":"la-citta-infinita","status":"publish","type":"post","link":"https:\/\/agora.xtec.cat\/ceip-dolorsalmeda-cornella\/general\/la-citta-infinita\/","title":{"rendered":"La Citt\u00e0 Infinita"},"content":{"rendered":"<p><a href=\"https:\/\/agora.xtec.cat\/ceip-dolorsalmeda-cornella\/wp-content\/uploads\/usu30\/2019\/01\/CITT\u00c0-INFINITA-DIMARTS-9H00-4.jpg\"><img loading=\"lazy\" decoding=\"async\" class=\"wp-image-1666 aligncenter\" src=\"https:\/\/agora.xtec.cat\/ceip-dolorsalmeda-cornella\/wp-content\/uploads\/usu30\/2019\/01\/CITT\u00c0-INFINITA-DIMARTS-9H00-4-1024x683.jpg\" alt=\"\" width=\"396\" height=\"264\" srcset=\"https:\/\/agora.xtec.cat\/ceip-dolorsalmeda-cornella\/wp-content\/uploads\/usu30\/2019\/01\/CITT\u00c0-INFINITA-DIMARTS-9H00-4-1024x683.jpg 1024w, https:\/\/agora.xtec.cat\/ceip-dolorsalmeda-cornella\/wp-content\/uploads\/usu30\/2019\/01\/CITT\u00c0-INFINITA-DIMARTS-9H00-4-300x200.jpg 300w, https:\/\/agora.xtec.cat\/ceip-dolorsalmeda-cornella\/wp-content\/uploads\/usu30\/2019\/01\/CITT\u00c0-INFINITA-DIMARTS-9H00-4-768x512.jpg 768w\" sizes=\"auto, (max-width: 396px) 100vw, 396px\" \/><\/a><\/p>\n<p>En el marc del projecte \u201cUn tomb pel m\u00f3n\u201d, hem transformat el nostre gimn\u00e0s en una petita ciutat. Els alumnes de P3 a 2n participaran entre avui \u00a0i dem\u00e0 a una performance anomenada la \u201cCitt\u00e0 infinita\u201d. \u00c9s una proposta de joc constructiu que utilitza peces residuals industrials per crear i recrear espais urbans. Els \u201cmaons\u201d per construir la ciutat s\u00f3n objectes de fusta polits de variades formes i mides. Amb aquestes peces i la creativitat dels infants tot \u00e9s possible: poden dissenyar cases, escoles, hotels, piscines, obres p\u00fabliques i carreteres que connecten els infants fomentant espais de trobada i d\u2019intercanvi donant peu a un joc potencialment infinit.<\/p>\n<p>Us convidem a visitar l\u2019exposici\u00f3 que estar\u00e0 oberta dem\u00e0 dimecres 16 de gener de 16h30 a 17h00 al gimn\u00e0s de l\u2019escola. No us la perdeu!<\/p>\n<p>Si voleu con\u00e8ixer m\u00e9s informaci\u00f3 sobre el projecte us deixem l&#8217;enlla\u00e7 a\u00a0\u00a0<a href=\"http:\/\/www.lacittainfinita.com\/?lang=ca\" target=\"_blank\" rel=\"noopener\">LA CITT\u00c0 INFINITA<\/a>.<\/p>\n<p><a href=\"https:\/\/photos.app.goo.gl\/6V3sXeDzaSskqvEX8\" target=\"_blank\" rel=\"noopener\">FOTOS DIMARTS 9H00<\/a><\/p>\n<p><a href=\"https:\/\/photos.app.goo.gl\/td5fP87yZXepMA6dA\" target=\"_blank\" rel=\"noopener\">FOTOS DIMARTS 11H00<\/a><\/p>\n<p><a href=\"https:\/\/photos.app.goo.gl\/RHGHQj1fXrtmepST8\" target=\"_blank\" rel=\"noopener\">FOTOS DIMARTS 15H00<\/a><\/p>\n<p><a href=\"https:\/\/photos.app.goo.gl\/7FUdjD6mLkh8hyt1A\" target=\"_blank\" rel=\"noopener\">FOTOS DIMECRES 9H00<\/a><\/p>\n<p><a href=\"https:\/\/photos.app.goo.gl\/YL1PidjjD1GFxrWP6\" target=\"_blank\" rel=\"noopener\">FOTOS DIMECRES 11H00<\/a><\/p>\n<p><a href=\"https:\/\/photos.app.goo.gl\/BGAqnY5KzAZmb4yNA\" target=\"_blank\" rel=\"noopener\">FOTOS DIMECRES 15H00<\/a><\/p>\n<p><a href=\"https:\/\/photos.app.goo.gl\/ELNp8AExWmvJVwef8\" target=\"_blank\" rel=\"noopener\">FOTOS VISITA EXPOSICI\u00d3 EN FAM\u00cdLIA<\/a><\/p>\n","protected":false},"excerpt":{"rendered":"<p><a href=\"https:\/\/agora.xtec.cat\/ceip-dolorsalmeda-cornella\/wp-content\/uploads\/usu30\/2019\/01\/CITT\u00c0-INFINITA-DIMARTS-9H00-4.jpg\"><\/a><br \/>\nEn el marc del projecte \u201cUn tomb pel m\u00f3n\u201d, hem transformat el nostre gimn\u00e0s en una petita ciutat. Els alumnes de P3 a 2n participaran entre avui \u00a0i dem\u00e0 a una performance anomenada la \u201cCitt\u00e0 infinita\u201d. \u00c9s una proposta de joc constructiu que utilitza&hellip;  <a href=\"https:\/\/agora.xtec.cat\/ceip-dolorsalmeda-cornella\/general\/la-citta-infinita\/\" title=\"Read La Citt\u00e0 Infinita\">Llegeix m\u00e9s\u00bb<\/a><\/p>\n","protected":false},"author":1,"featured_media":1666,"comment_status":"open","ping_status":"closed","sticky":false,"template":"","format":"standard","meta":{"_bbp_topic_count":0,"_bbp_reply_count":0,"_bbp_total_topic_count":0,"_bbp_total_reply_count":0,"_bbp_voice_count":0,"_bbp_anonymous_reply_count":0,"_bbp_topic_count_hidden":0,"_bbp_reply_count_hidden":0,"_bbp_forum_subforum_count":0,"footnotes":""},"categories":[10,11,1,3,8,9,2,4,5],"tags":[73,168],"class_list":["post-1665","post","type-post","status-publish","format-standard","has-post-thumbnail","hentry","category-1r","category-2n","category-general","category-i3","category-i4","category-i5","category-infantil","category-portada","category-primaria","tag-projecte","tag-un-tomb-pel-mon"],"post_mailing_queue_ids":[],"_links":{"self":[{"href":"https:\/\/agora.xtec.cat\/ceip-dolorsalmeda-cornella\/wp-json\/wp\/v2\/posts\/1665","targetHints":{"allow":["GET"]}}],"collection":[{"href":"https:\/\/agora.xtec.cat\/ceip-dolorsalmeda-cornella\/wp-json\/wp\/v2\/posts"}],"about":[{"href":"https:\/\/agora.xtec.cat\/ceip-dolorsalmeda-cornella\/wp-json\/wp\/v2\/types\/post"}],"author":[{"embeddable":true,"href":"https:\/\/agora.xtec.cat\/ceip-dolorsalmeda-cornella\/wp-json\/wp\/v2\/users\/1"}],"replies":[{"embeddable":true,"href":"https:\/\/agora.xtec.cat\/ceip-dolorsalmeda-cornella\/wp-json\/wp\/v2\/comments?post=1665"}],"version-history":[{"count":3,"href":"https:\/\/agora.xtec.cat\/ceip-dolorsalmeda-cornella\/wp-json\/wp\/v2\/posts\/1665\/revisions"}],"predecessor-version":[{"id":1679,"href":"https:\/\/agora.xtec.cat\/ceip-dolorsalmeda-cornella\/wp-json\/wp\/v2\/posts\/1665\/revisions\/1679"}],"wp:featuredmedia":[{"embeddable":true,"href":"https:\/\/agora.xtec.cat\/ceip-dolorsalmeda-cornella\/wp-json\/wp\/v2\/media\/1666"}],"wp:attachment":[{"href":"https:\/\/agora.xtec.cat\/ceip-dolorsalmeda-cornella\/wp-json\/wp\/v2\/media?parent=1665"}],"wp:term":[{"taxonomy":"category","embeddable":true,"href":"https:\/\/agora.xtec.cat\/ceip-dolorsalmeda-cornella\/wp-json\/wp\/v2\/categories?post=1665"},{"taxonomy":"post_tag","embeddable":true,"href":"https:\/\/agora.xtec.cat\/ceip-dolorsalmeda-cornella\/wp-json\/wp\/v2\/tags?post=1665"}],"curies":[{"name":"wp","href":"https:\/\/api.w.org\/{rel}","templated":true}]}}