{"id":1625,"date":"2018-12-21T11:00:53","date_gmt":"2018-12-21T10:00:53","guid":{"rendered":"http:\/\/agora.xtec.cat\/ceip-dolorsalmeda-cornella\/?p=1625"},"modified":"2018-12-21T13:13:16","modified_gmt":"2018-12-21T12:13:16","slug":"enviem-una-carta","status":"publish","type":"post","link":"https:\/\/agora.xtec.cat\/ceip-dolorsalmeda-cornella\/general\/enviem-una-carta\/","title":{"rendered":"Enviem una carta"},"content":{"rendered":"<p>Els nens i nenes de 3r aquest any han apr\u00e8s com es fa una carta i com cal enviar-la perqu\u00e8 arribi al seu destinatari. Per poder viure-ho en primera persona han enviat la seva postal de Nadal a casa seva. Despr\u00e9s de fer-la amb molt d&#8217;amor i posant la seva direcci\u00f3, han anat a correus per comprar un segell i poder enviar-la. Els ha fet molta il\u00b7lusi\u00f3!<\/p>\n<p>Segur que quan la fam\u00edlia la rebi ser\u00e0\u00a0 una gran sorpresa.<\/p>\n<p>Esperem que us agradi!<\/p>\n<p><a href=\"https:\/\/photos.app.goo.gl\/xzHKQra64v4s71qa8\">FOTOS<\/a><\/p>\n","protected":false},"excerpt":{"rendered":"<p>Els nens i nenes de 3r aquest any han apr\u00e8s com es fa una carta i com cal enviar-la perqu\u00e8 arribi al seu destinatari. Per poder viure-ho en primera persona han enviat la seva postal de Nadal a casa seva. Despr\u00e9s de fer-la amb molt&hellip;  <a href=\"https:\/\/agora.xtec.cat\/ceip-dolorsalmeda-cornella\/general\/enviem-una-carta\/\" title=\"Read Enviem una carta\">Llegeix m\u00e9s\u00bb<\/a><\/p>\n","protected":false},"author":6,"featured_media":1626,"comment_status":"open","ping_status":"closed","sticky":false,"template":"","format":"standard","meta":{"_bbp_topic_count":0,"_bbp_reply_count":0,"_bbp_total_topic_count":0,"_bbp_total_reply_count":0,"_bbp_voice_count":0,"_bbp_anonymous_reply_count":0,"_bbp_topic_count_hidden":0,"_bbp_reply_count_hidden":0,"_bbp_forum_subforum_count":0,"footnotes":""},"categories":[12,1,4,5],"tags":[113],"class_list":["post-1625","post","type-post","status-publish","format-standard","has-post-thumbnail","hentry","category-3r","category-general","category-portada","category-primaria","tag-sortida"],"post_mailing_queue_ids":[],"_links":{"self":[{"href":"https:\/\/agora.xtec.cat\/ceip-dolorsalmeda-cornella\/wp-json\/wp\/v2\/posts\/1625","targetHints":{"allow":["GET"]}}],"collection":[{"href":"https:\/\/agora.xtec.cat\/ceip-dolorsalmeda-cornella\/wp-json\/wp\/v2\/posts"}],"about":[{"href":"https:\/\/agora.xtec.cat\/ceip-dolorsalmeda-cornella\/wp-json\/wp\/v2\/types\/post"}],"author":[{"embeddable":true,"href":"https:\/\/agora.xtec.cat\/ceip-dolorsalmeda-cornella\/wp-json\/wp\/v2\/users\/6"}],"replies":[{"embeddable":true,"href":"https:\/\/agora.xtec.cat\/ceip-dolorsalmeda-cornella\/wp-json\/wp\/v2\/comments?post=1625"}],"version-history":[{"count":1,"href":"https:\/\/agora.xtec.cat\/ceip-dolorsalmeda-cornella\/wp-json\/wp\/v2\/posts\/1625\/revisions"}],"predecessor-version":[{"id":1627,"href":"https:\/\/agora.xtec.cat\/ceip-dolorsalmeda-cornella\/wp-json\/wp\/v2\/posts\/1625\/revisions\/1627"}],"wp:featuredmedia":[{"embeddable":true,"href":"https:\/\/agora.xtec.cat\/ceip-dolorsalmeda-cornella\/wp-json\/wp\/v2\/media\/1626"}],"wp:attachment":[{"href":"https:\/\/agora.xtec.cat\/ceip-dolorsalmeda-cornella\/wp-json\/wp\/v2\/media?parent=1625"}],"wp:term":[{"taxonomy":"category","embeddable":true,"href":"https:\/\/agora.xtec.cat\/ceip-dolorsalmeda-cornella\/wp-json\/wp\/v2\/categories?post=1625"},{"taxonomy":"post_tag","embeddable":true,"href":"https:\/\/agora.xtec.cat\/ceip-dolorsalmeda-cornella\/wp-json\/wp\/v2\/tags?post=1625"}],"curies":[{"name":"wp","href":"https:\/\/api.w.org\/{rel}","templated":true}]}}