{"id":1608,"date":"2018-12-20T17:37:46","date_gmt":"2018-12-20T16:37:46","guid":{"rendered":"http:\/\/agora.xtec.cat\/ceip-dolorsalmeda-cornella\/?p=1608"},"modified":"2018-12-21T11:38:06","modified_gmt":"2018-12-21T10:38:06","slug":"nadales-en-familia","status":"publish","type":"post","link":"https:\/\/agora.xtec.cat\/ceip-dolorsalmeda-cornella\/general\/nadales-en-familia\/","title":{"rendered":"Nadales en fam\u00edlia"},"content":{"rendered":"<p><a href=\"https:\/\/agora.xtec.cat\/ceip-dolorsalmeda-cornella\/wp-content\/uploads\/usu30\/2018\/12\/NADALES-FAMILIES-20181.jpg\"><img loading=\"lazy\" decoding=\"async\" class=\"wp-image-1609 aligncenter\" src=\"https:\/\/agora.xtec.cat\/ceip-dolorsalmeda-cornella\/wp-content\/uploads\/usu30\/2018\/12\/NADALES-FAMILIES-20181-1024x682.jpg\" alt=\"\" width=\"471\" height=\"314\" srcset=\"https:\/\/agora.xtec.cat\/ceip-dolorsalmeda-cornella\/wp-content\/uploads\/usu30\/2018\/12\/NADALES-FAMILIES-20181.jpg 1024w, https:\/\/agora.xtec.cat\/ceip-dolorsalmeda-cornella\/wp-content\/uploads\/usu30\/2018\/12\/NADALES-FAMILIES-20181-300x200.jpg 300w, https:\/\/agora.xtec.cat\/ceip-dolorsalmeda-cornella\/wp-content\/uploads\/usu30\/2018\/12\/NADALES-FAMILIES-20181-768x512.jpg 768w\" sizes=\"auto, (max-width: 471px) 100vw, 471px\" \/><\/a><\/p>\n<p>Un any m\u00e9s, els pares i mares de l\u2019escola han cantat nadales per als infants d\u2019educaci\u00f3 infantil i cicle inicial. Els han fet gaudir, cantar i ballar al ritme de Jingle Bells, los peces en el r\u00edo i el 25 de desembre entre d\u2019altres, i els han preparat una sorpresa molt especial: la visita d\u2019un Papa No\u00ebl! Gr\u00e0cies a totes les fam\u00edlies que han participat, que cada cop s\u00f3n m\u00e9s, i que fan possible un final de trimestre inoblidable!<\/p>\n<p><a href=\"https:\/\/photos.app.goo.gl\/rBNWfnrd8DRTvBoc9\" target=\"_blank\" rel=\"noopener\">FOTOS<\/a><\/p>\n<p>&nbsp;<\/p>\n","protected":false},"excerpt":{"rendered":"<p><a href=\"https:\/\/agora.xtec.cat\/ceip-dolorsalmeda-cornella\/wp-content\/uploads\/usu30\/2018\/12\/NADALES-FAMILIES-20181.jpg\"><\/a><br \/>\nUn any m\u00e9s, els pares i mares de l\u2019escola han cantat nadales per als infants d\u2019educaci\u00f3 infantil i cicle inicial. Els han fet gaudir, cantar i ballar al ritme de Jingle Bells, los peces en el r\u00edo i el 25 de desembre entre d\u2019altres,&hellip;  <a href=\"https:\/\/agora.xtec.cat\/ceip-dolorsalmeda-cornella\/general\/nadales-en-familia\/\" title=\"Read Nadales en fam\u00edlia\">Llegeix m\u00e9s\u00bb<\/a><\/p>\n","protected":false},"author":1,"featured_media":1609,"comment_status":"open","ping_status":"closed","sticky":false,"template":"","format":"standard","meta":{"_bbp_topic_count":0,"_bbp_reply_count":0,"_bbp_total_topic_count":0,"_bbp_total_reply_count":0,"_bbp_voice_count":0,"_bbp_anonymous_reply_count":0,"_bbp_topic_count_hidden":0,"_bbp_reply_count_hidden":0,"_bbp_forum_subforum_count":0,"footnotes":""},"categories":[10,11,1,3,8,9,2,4,5],"tags":[86,77,74],"class_list":["post-1608","post","type-post","status-publish","format-standard","has-post-thumbnail","hentry","category-1r","category-2n","category-general","category-i3","category-i4","category-i5","category-infantil","category-portada","category-primaria","tag-concert","tag-families","tag-nadal"],"post_mailing_queue_ids":[],"_links":{"self":[{"href":"https:\/\/agora.xtec.cat\/ceip-dolorsalmeda-cornella\/wp-json\/wp\/v2\/posts\/1608","targetHints":{"allow":["GET"]}}],"collection":[{"href":"https:\/\/agora.xtec.cat\/ceip-dolorsalmeda-cornella\/wp-json\/wp\/v2\/posts"}],"about":[{"href":"https:\/\/agora.xtec.cat\/ceip-dolorsalmeda-cornella\/wp-json\/wp\/v2\/types\/post"}],"author":[{"embeddable":true,"href":"https:\/\/agora.xtec.cat\/ceip-dolorsalmeda-cornella\/wp-json\/wp\/v2\/users\/1"}],"replies":[{"embeddable":true,"href":"https:\/\/agora.xtec.cat\/ceip-dolorsalmeda-cornella\/wp-json\/wp\/v2\/comments?post=1608"}],"version-history":[{"count":2,"href":"https:\/\/agora.xtec.cat\/ceip-dolorsalmeda-cornella\/wp-json\/wp\/v2\/posts\/1608\/revisions"}],"predecessor-version":[{"id":1620,"href":"https:\/\/agora.xtec.cat\/ceip-dolorsalmeda-cornella\/wp-json\/wp\/v2\/posts\/1608\/revisions\/1620"}],"wp:featuredmedia":[{"embeddable":true,"href":"https:\/\/agora.xtec.cat\/ceip-dolorsalmeda-cornella\/wp-json\/wp\/v2\/media\/1609"}],"wp:attachment":[{"href":"https:\/\/agora.xtec.cat\/ceip-dolorsalmeda-cornella\/wp-json\/wp\/v2\/media?parent=1608"}],"wp:term":[{"taxonomy":"category","embeddable":true,"href":"https:\/\/agora.xtec.cat\/ceip-dolorsalmeda-cornella\/wp-json\/wp\/v2\/categories?post=1608"},{"taxonomy":"post_tag","embeddable":true,"href":"https:\/\/agora.xtec.cat\/ceip-dolorsalmeda-cornella\/wp-json\/wp\/v2\/tags?post=1608"}],"curies":[{"name":"wp","href":"https:\/\/api.w.org\/{rel}","templated":true}]}}