{"id":1580,"date":"2018-12-20T16:43:59","date_gmt":"2018-12-20T15:43:59","guid":{"rendered":"http:\/\/agora.xtec.cat\/ceip-dolorsalmeda-cornella\/?p=1580"},"modified":"2018-12-20T16:43:59","modified_gmt":"2018-12-20T15:43:59","slug":"concert-de-nadal-2018","status":"publish","type":"post","link":"https:\/\/agora.xtec.cat\/ceip-dolorsalmeda-cornella\/general\/concert-de-nadal-2018\/","title":{"rendered":"Concert de Nadal 2018"},"content":{"rendered":"<p>Nadal ja \u00e9s aqu\u00ed i com cada curs hem gaudit d&#8217;un concert de m\u00fasica amb nadales i boniques can\u00e7ons plenes d&#8217;amor i d&#8217;emocions. Tots els alumnes de l&#8217;escola han cantat, acompanyats d&#8217;uns excel\u00b7lents m\u00fasics,<span style=\"font-family: inherit; font-size: 1em;\">\u00a0i han recitat un bonic poema. A m\u00e9s, els alumnes de sis\u00e8, que han estat els presentadors de l&#8217;acte, ens han emocionat amb unes extraordin\u00e0ries melodies que han tocat amb la flauta.\u00a0<\/span><\/p>\n<p>Molt\u00edssimes gr\u00e0cies a totes les mares i pares que han transformat el gimn\u00e0s en un veritable auditori.<\/p>\n<p>Aqu\u00ed us deixem algunes fotos i properament us facilitarem els v\u00eddeos de totes les actuacions!<\/p>\n<p><a href=\"https:\/\/photos.app.goo.gl\/t7vVvuxmnnzMjzgQ6\">FOTOS 1r 2n 3r<\/a><\/p>\n<p><a href=\"https:\/\/photos.app.goo.gl\/AnuR7K1ycMbG8yAi9\">FOTOS 4t 5\u00e8 6\u00e8<\/a><\/p>\n<p><a href=\"https:\/\/photos.app.goo.gl\/5dXSocCy2VnnExcDA\">FOTOS E.INFANTIL<\/a><\/p>\n","protected":false},"excerpt":{"rendered":"<p>Nadal ja \u00e9s aqu\u00ed i com cada curs hem gaudit d&#8217;un concert de m\u00fasica amb nadales i boniques can\u00e7ons plenes d&#8217;amor i d&#8217;emocions. Tots els alumnes de l&#8217;escola han cantat, acompanyats d&#8217;uns excel\u00b7lents m\u00fasics,\u00a0i han recitat un bonic poema. A m\u00e9s, els alumnes de sis\u00e8,&hellip;  <a href=\"https:\/\/agora.xtec.cat\/ceip-dolorsalmeda-cornella\/general\/concert-de-nadal-2018\/\" title=\"Read Concert de Nadal 2018\">Llegeix m\u00e9s\u00bb<\/a><\/p>\n","protected":false},"author":6,"featured_media":1582,"comment_status":"open","ping_status":"closed","sticky":false,"template":"","format":"standard","meta":{"_bbp_topic_count":0,"_bbp_reply_count":0,"_bbp_total_topic_count":0,"_bbp_total_reply_count":0,"_bbp_voice_count":0,"_bbp_anonymous_reply_count":0,"_bbp_topic_count_hidden":0,"_bbp_reply_count_hidden":0,"_bbp_forum_subforum_count":0,"footnotes":""},"categories":[10,11,12,13,14,15,1,3,8,9,2,4,5],"tags":[86],"class_list":["post-1580","post","type-post","status-publish","format-standard","has-post-thumbnail","hentry","category-1r","category-2n","category-3r","category-4t","category-5e","category-6e","category-general","category-i3","category-i4","category-i5","category-infantil","category-portada","category-primaria","tag-concert"],"post_mailing_queue_ids":[],"_links":{"self":[{"href":"https:\/\/agora.xtec.cat\/ceip-dolorsalmeda-cornella\/wp-json\/wp\/v2\/posts\/1580","targetHints":{"allow":["GET"]}}],"collection":[{"href":"https:\/\/agora.xtec.cat\/ceip-dolorsalmeda-cornella\/wp-json\/wp\/v2\/posts"}],"about":[{"href":"https:\/\/agora.xtec.cat\/ceip-dolorsalmeda-cornella\/wp-json\/wp\/v2\/types\/post"}],"author":[{"embeddable":true,"href":"https:\/\/agora.xtec.cat\/ceip-dolorsalmeda-cornella\/wp-json\/wp\/v2\/users\/6"}],"replies":[{"embeddable":true,"href":"https:\/\/agora.xtec.cat\/ceip-dolorsalmeda-cornella\/wp-json\/wp\/v2\/comments?post=1580"}],"version-history":[{"count":1,"href":"https:\/\/agora.xtec.cat\/ceip-dolorsalmeda-cornella\/wp-json\/wp\/v2\/posts\/1580\/revisions"}],"predecessor-version":[{"id":1583,"href":"https:\/\/agora.xtec.cat\/ceip-dolorsalmeda-cornella\/wp-json\/wp\/v2\/posts\/1580\/revisions\/1583"}],"wp:featuredmedia":[{"embeddable":true,"href":"https:\/\/agora.xtec.cat\/ceip-dolorsalmeda-cornella\/wp-json\/wp\/v2\/media\/1582"}],"wp:attachment":[{"href":"https:\/\/agora.xtec.cat\/ceip-dolorsalmeda-cornella\/wp-json\/wp\/v2\/media?parent=1580"}],"wp:term":[{"taxonomy":"category","embeddable":true,"href":"https:\/\/agora.xtec.cat\/ceip-dolorsalmeda-cornella\/wp-json\/wp\/v2\/categories?post=1580"},{"taxonomy":"post_tag","embeddable":true,"href":"https:\/\/agora.xtec.cat\/ceip-dolorsalmeda-cornella\/wp-json\/wp\/v2\/tags?post=1580"}],"curies":[{"name":"wp","href":"https:\/\/api.w.org\/{rel}","templated":true}]}}