{"id":1567,"date":"2018-12-19T12:07:22","date_gmt":"2018-12-19T11:07:22","guid":{"rendered":"http:\/\/agora.xtec.cat\/ceip-dolorsalmeda-cornella\/?p=1567"},"modified":"2018-12-19T12:07:22","modified_gmt":"2018-12-19T11:07:22","slug":"la-fada-ondina","status":"publish","type":"post","link":"https:\/\/agora.xtec.cat\/ceip-dolorsalmeda-cornella\/general\/la-fada-ondina\/","title":{"rendered":"La fada Ondina"},"content":{"rendered":"<p><a href=\"https:\/\/agora.xtec.cat\/ceip-dolorsalmeda-cornella\/wp-content\/uploads\/usu30\/2018\/12\/DSCN1539-Copiar.jpg\"><img loading=\"lazy\" decoding=\"async\" class=\"wp-image-1568 aligncenter\" src=\"https:\/\/agora.xtec.cat\/ceip-dolorsalmeda-cornella\/wp-content\/uploads\/usu30\/2018\/12\/DSCN1539-Copiar-1024x768.jpg\" alt=\"\" width=\"380\" height=\"285\" srcset=\"https:\/\/agora.xtec.cat\/ceip-dolorsalmeda-cornella\/wp-content\/uploads\/usu30\/2018\/12\/DSCN1539-Copiar-1024x768.jpg 1024w, https:\/\/agora.xtec.cat\/ceip-dolorsalmeda-cornella\/wp-content\/uploads\/usu30\/2018\/12\/DSCN1539-Copiar-300x225.jpg 300w, https:\/\/agora.xtec.cat\/ceip-dolorsalmeda-cornella\/wp-content\/uploads\/usu30\/2018\/12\/DSCN1539-Copiar-768x576.jpg 768w, https:\/\/agora.xtec.cat\/ceip-dolorsalmeda-cornella\/wp-content\/uploads\/usu30\/2018\/12\/DSCN1539-Copiar-200x150.jpg 200w, https:\/\/agora.xtec.cat\/ceip-dolorsalmeda-cornella\/wp-content\/uploads\/usu30\/2018\/12\/DSCN1539-Copiar.jpg 1440w\" sizes=\"auto, (max-width: 380px) 100vw, 380px\" \/><\/a><\/p>\n<p>Com ja \u00e9s costum de cada any, la Fada Ondfina ens ha vingut a fer una visita a l\u2019escola. L\u2019ha acompanyat el m\u00fasic Prana amb la seva guitarra i despr\u00e9s de saludar els nens i nenes amb les seves hist\u00f2ries sobre el Mag Maginet i els seus ajudants, han cantat junts\/es la can\u00e7\u00f3 \u201cDesperta Maginet\u201d.<\/p>\n<p>La Fada ha repartit les postals en forma de bola dels desitjos perqu\u00e8 els nens i nenes amb les seves fam\u00edlies o amb el mateix grup classe, les puguin anar a penjant a l\u2019Arbre dels Desitjos del barri. Tamb\u00e9 ens ha deixat a les aules el conte de \u201cla nit de reis\u201d i una carta per tirar a la b\u00fastia del Mag Maginet.<\/p>\n<p><a href=\"https:\/\/photos.app.goo.gl\/dzAWwVBgJgWomNkWA\" target=\"_blank\" rel=\"noopener\">FOTOS<\/a><\/p>\n","protected":false},"excerpt":{"rendered":"<p><a href=\"https:\/\/agora.xtec.cat\/ceip-dolorsalmeda-cornella\/wp-content\/uploads\/usu30\/2018\/12\/DSCN1539-Copiar.jpg\"><\/a><br \/>\nCom ja \u00e9s costum de cada any, la Fada Ondfina ens ha vingut a fer una visita a l\u2019escola. L\u2019ha acompanyat el m\u00fasic Prana amb la seva guitarra i despr\u00e9s de saludar els nens i nenes amb les seves hist\u00f2ries sobre el Mag Maginet&hellip;  <a href=\"https:\/\/agora.xtec.cat\/ceip-dolorsalmeda-cornella\/general\/la-fada-ondina\/\" title=\"Read La fada Ondina\">Llegeix m\u00e9s\u00bb<\/a><\/p>\n","protected":false},"author":1,"featured_media":1568,"comment_status":"open","ping_status":"closed","sticky":false,"template":"","format":"standard","meta":{"_bbp_topic_count":0,"_bbp_reply_count":0,"_bbp_total_topic_count":0,"_bbp_total_reply_count":0,"_bbp_voice_count":0,"_bbp_anonymous_reply_count":0,"_bbp_topic_count_hidden":0,"_bbp_reply_count_hidden":0,"_bbp_forum_subforum_count":0,"footnotes":""},"categories":[10,11,1,3,8,9,2,4,5],"tags":[75,74],"class_list":["post-1567","post","type-post","status-publish","format-standard","has-post-thumbnail","hentry","category-1r","category-2n","category-general","category-i3","category-i4","category-i5","category-infantil","category-portada","category-primaria","tag-fada-ondina","tag-nadal"],"post_mailing_queue_ids":[],"_links":{"self":[{"href":"https:\/\/agora.xtec.cat\/ceip-dolorsalmeda-cornella\/wp-json\/wp\/v2\/posts\/1567","targetHints":{"allow":["GET"]}}],"collection":[{"href":"https:\/\/agora.xtec.cat\/ceip-dolorsalmeda-cornella\/wp-json\/wp\/v2\/posts"}],"about":[{"href":"https:\/\/agora.xtec.cat\/ceip-dolorsalmeda-cornella\/wp-json\/wp\/v2\/types\/post"}],"author":[{"embeddable":true,"href":"https:\/\/agora.xtec.cat\/ceip-dolorsalmeda-cornella\/wp-json\/wp\/v2\/users\/1"}],"replies":[{"embeddable":true,"href":"https:\/\/agora.xtec.cat\/ceip-dolorsalmeda-cornella\/wp-json\/wp\/v2\/comments?post=1567"}],"version-history":[{"count":3,"href":"https:\/\/agora.xtec.cat\/ceip-dolorsalmeda-cornella\/wp-json\/wp\/v2\/posts\/1567\/revisions"}],"predecessor-version":[{"id":1571,"href":"https:\/\/agora.xtec.cat\/ceip-dolorsalmeda-cornella\/wp-json\/wp\/v2\/posts\/1567\/revisions\/1571"}],"wp:featuredmedia":[{"embeddable":true,"href":"https:\/\/agora.xtec.cat\/ceip-dolorsalmeda-cornella\/wp-json\/wp\/v2\/media\/1568"}],"wp:attachment":[{"href":"https:\/\/agora.xtec.cat\/ceip-dolorsalmeda-cornella\/wp-json\/wp\/v2\/media?parent=1567"}],"wp:term":[{"taxonomy":"category","embeddable":true,"href":"https:\/\/agora.xtec.cat\/ceip-dolorsalmeda-cornella\/wp-json\/wp\/v2\/categories?post=1567"},{"taxonomy":"post_tag","embeddable":true,"href":"https:\/\/agora.xtec.cat\/ceip-dolorsalmeda-cornella\/wp-json\/wp\/v2\/tags?post=1567"}],"curies":[{"name":"wp","href":"https:\/\/api.w.org\/{rel}","templated":true}]}}