{"id":1556,"date":"2018-12-18T12:10:12","date_gmt":"2018-12-18T11:10:12","guid":{"rendered":"http:\/\/agora.xtec.cat\/ceip-dolorsalmeda-cornella\/?p=1556"},"modified":"2018-12-18T12:10:12","modified_gmt":"2018-12-18T11:10:12","slug":"tardes-en-familia","status":"publish","type":"post","link":"https:\/\/agora.xtec.cat\/ceip-dolorsalmeda-cornella\/general\/tardes-en-familia\/","title":{"rendered":"Tardes en fam\u00edlia"},"content":{"rendered":"<p style=\"text-align: center;\"><a href=\"https:\/\/agora.xtec.cat\/ceip-dolorsalmeda-cornella\/wp-content\/uploads\/usu30\/2018\/12\/12.-JOCS-EN-FAMILIAImage_08.jpg\"><img loading=\"lazy\" decoding=\"async\" class=\"alignnone  wp-image-1558\" src=\"https:\/\/agora.xtec.cat\/ceip-dolorsalmeda-cornella\/wp-content\/uploads\/usu30\/2018\/12\/12.-JOCS-EN-FAMILIAImage_08-1024x768.jpg\" alt=\"\" width=\"252\" height=\"189\" srcset=\"https:\/\/agora.xtec.cat\/ceip-dolorsalmeda-cornella\/wp-content\/uploads\/usu30\/2018\/12\/12.-JOCS-EN-FAMILIAImage_08-1024x768.jpg 1024w, https:\/\/agora.xtec.cat\/ceip-dolorsalmeda-cornella\/wp-content\/uploads\/usu30\/2018\/12\/12.-JOCS-EN-FAMILIAImage_08-300x225.jpg 300w, https:\/\/agora.xtec.cat\/ceip-dolorsalmeda-cornella\/wp-content\/uploads\/usu30\/2018\/12\/12.-JOCS-EN-FAMILIAImage_08-768x576.jpg 768w, https:\/\/agora.xtec.cat\/ceip-dolorsalmeda-cornella\/wp-content\/uploads\/usu30\/2018\/12\/12.-JOCS-EN-FAMILIAImage_08-200x150.jpg 200w, https:\/\/agora.xtec.cat\/ceip-dolorsalmeda-cornella\/wp-content\/uploads\/usu30\/2018\/12\/12.-JOCS-EN-FAMILIAImage_08.jpg 1136w\" sizes=\"auto, (max-width: 252px) 100vw, 252px\" \/><\/a><\/p>\n<p style=\"text-align: justify;\">Durant aquest trimestre, els alumnes de primer han inaugurat les tardes en fam\u00edlia. Els divendres a la tarda, s&#8217;ha reservat un espai perqu\u00e8 les fam\u00edlies puguin venir a compartir una estona a la classe amb la seva filla o el seu fill\u00a0 participant d&#8217;una din\u00e0mica amb tot el grup classe. A primer A, han rebut la visita de la mare de la Neus, que va explicar un conte, <em>Les paraules dolces<\/em>. Ens va fer reflexionar sobre la necessitat d&#8217;explicar les coses que ens passen i la import\u00e0ncia de compartir les nostres emocions, tot i que de vegades els adults tenen pressa i no els hi poden expressar.\u00a0Despr\u00e9s vam fer cors amb els sentiments que ens va fer sentir el conte i ens els vam emportar a casa per compartir-ho amb les fam\u00edlies. A primer B, el pare del Yago i les mares de l&#8217;Abril P, la Noor, la Tigist, l&#8217;Al\u00e8xia, el Mario, la Irene i l&#8217;Arturo van participar en una tarda de jocs de taula descobrint el &#8220;doble beach&#8221;, l'&#8221;Unno&#8221;, el &#8220;tocat i enfonsat&#8221;, el &#8220;parx\u00eds&#8221;, el &#8220;d\u00f2mino&#8221;, les &#8220;dames&#8221; i l'&#8221;Oca&#8221;. Aquesta iniciativa permet a les fam\u00edlies gaudir d&#8217;una tarda a l&#8217;aula, con\u00e8ixer els companys i companyes de la classe i crear nous vincles entre escola i fam\u00edlia.<\/p>\n<p>&nbsp;<\/p>\n<p><a href=\"https:\/\/photos.app.goo.gl\/AHAnv2fisBoPqBxCA\">FOTOS\u00a0<\/a><\/p>\n","protected":false},"excerpt":{"rendered":"<p><a href=\"https:\/\/agora.xtec.cat\/ceip-dolorsalmeda-cornella\/wp-content\/uploads\/usu30\/2018\/12\/12.-JOCS-EN-FAMILIAImage_08.jpg\"><\/a><br \/>\nDurant aquest trimestre, els alumnes de primer han inaugurat les tardes en fam\u00edlia. Els divendres a la tarda, s&#8217;ha reservat un espai perqu\u00e8 les fam\u00edlies puguin venir a compartir una estona a la classe amb la seva filla o el seu fill\u00a0 participant d&#8217;una&hellip;  <a href=\"https:\/\/agora.xtec.cat\/ceip-dolorsalmeda-cornella\/general\/tardes-en-familia\/\" title=\"Read Tardes en fam\u00edlia\">Llegeix m\u00e9s\u00bb<\/a><\/p>\n","protected":false},"author":1,"featured_media":1558,"comment_status":"open","ping_status":"closed","sticky":false,"template":"","format":"standard","meta":{"_bbp_topic_count":0,"_bbp_reply_count":0,"_bbp_total_topic_count":0,"_bbp_total_reply_count":0,"_bbp_voice_count":0,"_bbp_anonymous_reply_count":0,"_bbp_topic_count_hidden":0,"_bbp_reply_count_hidden":0,"_bbp_forum_subforum_count":0,"footnotes":""},"categories":[10,1,4,5],"tags":[],"class_list":["post-1556","post","type-post","status-publish","format-standard","has-post-thumbnail","hentry","category-1r","category-general","category-portada","category-primaria"],"post_mailing_queue_ids":[],"_links":{"self":[{"href":"https:\/\/agora.xtec.cat\/ceip-dolorsalmeda-cornella\/wp-json\/wp\/v2\/posts\/1556","targetHints":{"allow":["GET"]}}],"collection":[{"href":"https:\/\/agora.xtec.cat\/ceip-dolorsalmeda-cornella\/wp-json\/wp\/v2\/posts"}],"about":[{"href":"https:\/\/agora.xtec.cat\/ceip-dolorsalmeda-cornella\/wp-json\/wp\/v2\/types\/post"}],"author":[{"embeddable":true,"href":"https:\/\/agora.xtec.cat\/ceip-dolorsalmeda-cornella\/wp-json\/wp\/v2\/users\/1"}],"replies":[{"embeddable":true,"href":"https:\/\/agora.xtec.cat\/ceip-dolorsalmeda-cornella\/wp-json\/wp\/v2\/comments?post=1556"}],"version-history":[{"count":2,"href":"https:\/\/agora.xtec.cat\/ceip-dolorsalmeda-cornella\/wp-json\/wp\/v2\/posts\/1556\/revisions"}],"predecessor-version":[{"id":1559,"href":"https:\/\/agora.xtec.cat\/ceip-dolorsalmeda-cornella\/wp-json\/wp\/v2\/posts\/1556\/revisions\/1559"}],"wp:featuredmedia":[{"embeddable":true,"href":"https:\/\/agora.xtec.cat\/ceip-dolorsalmeda-cornella\/wp-json\/wp\/v2\/media\/1558"}],"wp:attachment":[{"href":"https:\/\/agora.xtec.cat\/ceip-dolorsalmeda-cornella\/wp-json\/wp\/v2\/media?parent=1556"}],"wp:term":[{"taxonomy":"category","embeddable":true,"href":"https:\/\/agora.xtec.cat\/ceip-dolorsalmeda-cornella\/wp-json\/wp\/v2\/categories?post=1556"},{"taxonomy":"post_tag","embeddable":true,"href":"https:\/\/agora.xtec.cat\/ceip-dolorsalmeda-cornella\/wp-json\/wp\/v2\/tags?post=1556"}],"curies":[{"name":"wp","href":"https:\/\/api.w.org\/{rel}","templated":true}]}}