{"id":1554,"date":"2018-12-18T12:24:08","date_gmt":"2018-12-18T11:24:08","guid":{"rendered":"http:\/\/agora.xtec.cat\/ceip-dolorsalmeda-cornella\/?p=1554"},"modified":"2018-12-18T12:24:08","modified_gmt":"2018-12-18T11:24:08","slug":"el-senyor-riu","status":"publish","type":"post","link":"https:\/\/agora.xtec.cat\/ceip-dolorsalmeda-cornella\/general\/el-senyor-riu\/","title":{"rendered":"El senyor Riu"},"content":{"rendered":"<p><a href=\"https:\/\/agora.xtec.cat\/ceip-dolorsalmeda-cornella\/wp-content\/uploads\/usu30\/2018\/12\/11.-CONTE-RIU-LLOBREGATImage_1.jpg\"><img loading=\"lazy\" decoding=\"async\" class=\"wp-image-1560 aligncenter\" src=\"https:\/\/agora.xtec.cat\/ceip-dolorsalmeda-cornella\/wp-content\/uploads\/usu30\/2018\/12\/11.-CONTE-RIU-LLOBREGATImage_1-1024x768.jpg\" alt=\"\" width=\"305\" height=\"229\" srcset=\"https:\/\/agora.xtec.cat\/ceip-dolorsalmeda-cornella\/wp-content\/uploads\/usu30\/2018\/12\/11.-CONTE-RIU-LLOBREGATImage_1-1024x768.jpg 1024w, https:\/\/agora.xtec.cat\/ceip-dolorsalmeda-cornella\/wp-content\/uploads\/usu30\/2018\/12\/11.-CONTE-RIU-LLOBREGATImage_1-300x225.jpg 300w, https:\/\/agora.xtec.cat\/ceip-dolorsalmeda-cornella\/wp-content\/uploads\/usu30\/2018\/12\/11.-CONTE-RIU-LLOBREGATImage_1-768x576.jpg 768w, https:\/\/agora.xtec.cat\/ceip-dolorsalmeda-cornella\/wp-content\/uploads\/usu30\/2018\/12\/11.-CONTE-RIU-LLOBREGATImage_1-200x150.jpg 200w\" sizes=\"auto, (max-width: 305px) 100vw, 305px\" \/><\/a><\/p>\n<p style=\"text-align: justify;\">Els nens i nenes de primer han realitzat un taller de sostenibilitat a la biblioteca. Aquest ha consistit en escoltar al\u00a0 Blai, un contacontes molt divertit i simp\u00e0tic que els ha explicat el conte \u201cEl senyor Riu\u201d.\u00a0 Per mitj\u00e0 d\u2019aquesta narraci\u00f3, els infants han pogut reflexionar sobre la import\u00e0ncia de tenir cura del nostre entorn natural. Han apr\u00e9s que l\u2019aigua \u00a0no \u00e9s nom\u00e9s un recurs per les persones, sin\u00f3 que \u00e9s un element essencial per la resta d\u2019\u00e9ssers vius i un element b\u00e0sic del medi natural.<\/p>\n<p><a href=\"https:\/\/photos.app.goo.gl\/nN47nfa54LHs8FGp7\">FOTOS<\/a><\/p>\n","protected":false},"excerpt":{"rendered":"<p><a href=\"https:\/\/agora.xtec.cat\/ceip-dolorsalmeda-cornella\/wp-content\/uploads\/usu30\/2018\/12\/11.-CONTE-RIU-LLOBREGATImage_1.jpg\"><\/a><br \/>\nEls nens i nenes de primer han realitzat un taller de sostenibilitat a la biblioteca. Aquest ha consistit en escoltar al\u00a0 Blai, un contacontes molt divertit i simp\u00e0tic que els ha explicat el conte \u201cEl senyor Riu\u201d.\u00a0 Per mitj\u00e0 d\u2019aquesta narraci\u00f3, els infants han&hellip;  <a href=\"https:\/\/agora.xtec.cat\/ceip-dolorsalmeda-cornella\/general\/el-senyor-riu\/\" title=\"Read El senyor Riu\">Llegeix m\u00e9s\u00bb<\/a><\/p>\n","protected":false},"author":1,"featured_media":1560,"comment_status":"open","ping_status":"closed","sticky":false,"template":"","format":"standard","meta":{"_bbp_topic_count":0,"_bbp_reply_count":0,"_bbp_total_topic_count":0,"_bbp_total_reply_count":0,"_bbp_voice_count":0,"_bbp_anonymous_reply_count":0,"_bbp_topic_count_hidden":0,"_bbp_reply_count_hidden":0,"_bbp_forum_subforum_count":0,"footnotes":""},"categories":[10,1,4,5],"tags":[173,172],"class_list":["post-1554","post","type-post","status-publish","format-standard","has-post-thumbnail","hentry","category-1r","category-general","category-portada","category-primaria","tag-medi-ambient","tag-sostenibilitat"],"post_mailing_queue_ids":[],"_links":{"self":[{"href":"https:\/\/agora.xtec.cat\/ceip-dolorsalmeda-cornella\/wp-json\/wp\/v2\/posts\/1554","targetHints":{"allow":["GET"]}}],"collection":[{"href":"https:\/\/agora.xtec.cat\/ceip-dolorsalmeda-cornella\/wp-json\/wp\/v2\/posts"}],"about":[{"href":"https:\/\/agora.xtec.cat\/ceip-dolorsalmeda-cornella\/wp-json\/wp\/v2\/types\/post"}],"author":[{"embeddable":true,"href":"https:\/\/agora.xtec.cat\/ceip-dolorsalmeda-cornella\/wp-json\/wp\/v2\/users\/1"}],"replies":[{"embeddable":true,"href":"https:\/\/agora.xtec.cat\/ceip-dolorsalmeda-cornella\/wp-json\/wp\/v2\/comments?post=1554"}],"version-history":[{"count":2,"href":"https:\/\/agora.xtec.cat\/ceip-dolorsalmeda-cornella\/wp-json\/wp\/v2\/posts\/1554\/revisions"}],"predecessor-version":[{"id":1561,"href":"https:\/\/agora.xtec.cat\/ceip-dolorsalmeda-cornella\/wp-json\/wp\/v2\/posts\/1554\/revisions\/1561"}],"wp:featuredmedia":[{"embeddable":true,"href":"https:\/\/agora.xtec.cat\/ceip-dolorsalmeda-cornella\/wp-json\/wp\/v2\/media\/1560"}],"wp:attachment":[{"href":"https:\/\/agora.xtec.cat\/ceip-dolorsalmeda-cornella\/wp-json\/wp\/v2\/media?parent=1554"}],"wp:term":[{"taxonomy":"category","embeddable":true,"href":"https:\/\/agora.xtec.cat\/ceip-dolorsalmeda-cornella\/wp-json\/wp\/v2\/categories?post=1554"},{"taxonomy":"post_tag","embeddable":true,"href":"https:\/\/agora.xtec.cat\/ceip-dolorsalmeda-cornella\/wp-json\/wp\/v2\/tags?post=1554"}],"curies":[{"name":"wp","href":"https:\/\/api.w.org\/{rel}","templated":true}]}}