{"id":1550,"date":"2018-12-15T13:01:51","date_gmt":"2018-12-15T12:01:51","guid":{"rendered":"http:\/\/agora.xtec.cat\/ceip-dolorsalmeda-cornella\/?p=1550"},"modified":"2018-12-15T13:01:51","modified_gmt":"2018-12-15T12:01:51","slug":"visita-de-lil-lustrador-jose-antonio-roda","status":"publish","type":"post","link":"https:\/\/agora.xtec.cat\/ceip-dolorsalmeda-cornella\/general\/visita-de-lil-lustrador-jose-antonio-roda\/","title":{"rendered":"Visita de l&#8217;il.lustrador Jose Antonio Roda"},"content":{"rendered":"<p>Els alumnes de sis\u00e8 han tingut el privilegi de con\u00e8ixer el jove il\u00b7lustrador Jose Antonio Roda. L&#8217;artista, originari de Cornell\u00e0, ens ha explicat la seva traject\u00f2ria i ens ha mostrat algunes de les seves obres. Tot el seu discurs ha girat entorn la import\u00e0ncia de l&#8217;esfor\u00e7, la perseveran\u00e7a i la const\u00e0ncia que calen per arribar a ser el que un vol a la vida. Tamb\u00e9 els ha volgut transmetre que han de lluitar i perseguir els seus somnis que els far\u00e0 persones felices i plenes.<\/p>\n<p>Ha estat una xerrada plena d\u2018inter\u00e8s, carinyo i \u00a0valors.<\/p>\n<p>Molt\u00edssimes gr\u00e0cies\u00a0 Jose!<\/p>\n<p><a href=\"https:\/\/photos.app.goo.gl\/ye71LX4VNhjQhCMUA\">FOTOS<\/a><\/p>\n","protected":false},"excerpt":{"rendered":"<p>Els alumnes de sis\u00e8 han tingut el privilegi de con\u00e8ixer el jove il\u00b7lustrador Jose Antonio Roda. L&#8217;artista, originari de Cornell\u00e0, ens ha explicat la seva traject\u00f2ria i ens ha mostrat algunes de les seves obres. Tot el seu discurs ha girat entorn la import\u00e0ncia de&hellip;  <a href=\"https:\/\/agora.xtec.cat\/ceip-dolorsalmeda-cornella\/general\/visita-de-lil-lustrador-jose-antonio-roda\/\" title=\"Read Visita de l&#8217;il.lustrador Jose Antonio Roda\">Llegeix m\u00e9s\u00bb<\/a><\/p>\n","protected":false},"author":6,"featured_media":1552,"comment_status":"open","ping_status":"closed","sticky":false,"template":"","format":"standard","meta":{"_bbp_topic_count":0,"_bbp_reply_count":0,"_bbp_total_topic_count":0,"_bbp_total_reply_count":0,"_bbp_voice_count":0,"_bbp_anonymous_reply_count":0,"_bbp_topic_count_hidden":0,"_bbp_reply_count_hidden":0,"_bbp_forum_subforum_count":0,"footnotes":""},"categories":[15,1,4,5],"tags":[171],"class_list":["post-1550","post","type-post","status-publish","format-standard","has-post-thumbnail","hentry","category-6e","category-general","category-portada","category-primaria","tag-conferencia"],"post_mailing_queue_ids":[],"_links":{"self":[{"href":"https:\/\/agora.xtec.cat\/ceip-dolorsalmeda-cornella\/wp-json\/wp\/v2\/posts\/1550","targetHints":{"allow":["GET"]}}],"collection":[{"href":"https:\/\/agora.xtec.cat\/ceip-dolorsalmeda-cornella\/wp-json\/wp\/v2\/posts"}],"about":[{"href":"https:\/\/agora.xtec.cat\/ceip-dolorsalmeda-cornella\/wp-json\/wp\/v2\/types\/post"}],"author":[{"embeddable":true,"href":"https:\/\/agora.xtec.cat\/ceip-dolorsalmeda-cornella\/wp-json\/wp\/v2\/users\/6"}],"replies":[{"embeddable":true,"href":"https:\/\/agora.xtec.cat\/ceip-dolorsalmeda-cornella\/wp-json\/wp\/v2\/comments?post=1550"}],"version-history":[{"count":1,"href":"https:\/\/agora.xtec.cat\/ceip-dolorsalmeda-cornella\/wp-json\/wp\/v2\/posts\/1550\/revisions"}],"predecessor-version":[{"id":1553,"href":"https:\/\/agora.xtec.cat\/ceip-dolorsalmeda-cornella\/wp-json\/wp\/v2\/posts\/1550\/revisions\/1553"}],"wp:featuredmedia":[{"embeddable":true,"href":"https:\/\/agora.xtec.cat\/ceip-dolorsalmeda-cornella\/wp-json\/wp\/v2\/media\/1552"}],"wp:attachment":[{"href":"https:\/\/agora.xtec.cat\/ceip-dolorsalmeda-cornella\/wp-json\/wp\/v2\/media?parent=1550"}],"wp:term":[{"taxonomy":"category","embeddable":true,"href":"https:\/\/agora.xtec.cat\/ceip-dolorsalmeda-cornella\/wp-json\/wp\/v2\/categories?post=1550"},{"taxonomy":"post_tag","embeddable":true,"href":"https:\/\/agora.xtec.cat\/ceip-dolorsalmeda-cornella\/wp-json\/wp\/v2\/tags?post=1550"}],"curies":[{"name":"wp","href":"https:\/\/api.w.org\/{rel}","templated":true}]}}