{"id":1547,"date":"2018-12-13T11:42:24","date_gmt":"2018-12-13T10:42:24","guid":{"rendered":"http:\/\/agora.xtec.cat\/ceip-dolorsalmeda-cornella\/?p=1547"},"modified":"2018-12-13T11:44:32","modified_gmt":"2018-12-13T10:44:32","slug":"cartes-i-postals-de-nadal","status":"publish","type":"post","link":"https:\/\/agora.xtec.cat\/ceip-dolorsalmeda-cornella\/general\/cartes-i-postals-de-nadal\/","title":{"rendered":"Cartes i postals de Nadal"},"content":{"rendered":"<p><a href=\"https:\/\/agora.xtec.cat\/ceip-dolorsalmeda-cornella\/wp-content\/uploads\/usu30\/2018\/12\/Image_02.jpg\"><img loading=\"lazy\" decoding=\"async\" class=\"wp-image-1548 aligncenter\" src=\"https:\/\/agora.xtec.cat\/ceip-dolorsalmeda-cornella\/wp-content\/uploads\/usu30\/2018\/12\/Image_02-1024x768.jpg\" alt=\"\" width=\"399\" height=\"299\" srcset=\"https:\/\/agora.xtec.cat\/ceip-dolorsalmeda-cornella\/wp-content\/uploads\/usu30\/2018\/12\/Image_02-1024x768.jpg 1024w, https:\/\/agora.xtec.cat\/ceip-dolorsalmeda-cornella\/wp-content\/uploads\/usu30\/2018\/12\/Image_02-300x225.jpg 300w, https:\/\/agora.xtec.cat\/ceip-dolorsalmeda-cornella\/wp-content\/uploads\/usu30\/2018\/12\/Image_02-768x576.jpg 768w, https:\/\/agora.xtec.cat\/ceip-dolorsalmeda-cornella\/wp-content\/uploads\/usu30\/2018\/12\/Image_02-200x150.jpg 200w\" sizes=\"auto, (max-width: 399px) 100vw, 399px\" \/><\/a><\/p>\n<p>Durant el primer trimestre els alumnes de primer han estat escrivint cartes. Han escrit una carta a les elfes de la biblioteca, als amics i amigues de la classe, i en arribar el Nadal, la carta als Reis Mags d&#8217;Orient i una postal de felicitaci\u00f3. El passat dimecres, van fer una sortida pel barri d&#8217;Almeda per anar a tirar les cartes dels Reis Mags a la b\u00fastia del Mag Maginet i les postals a la b\u00fastia de correus perqu\u00e8, durant els propers dies, arribin a les cases de les seves fam\u00edlies&#8230; Amb aquesta activitat, a m\u00e9s a m\u00e9s de treballar la llengua escrita, van poder descobrir la tradici\u00f3 d&#8217;enviar postals de Nadal per correu ordinari.<\/p>\n<p><a href=\"https:\/\/photos.app.goo.gl\/WkVyvcuRstzTLw3r5\">POSTALS DE NADAL<\/a><\/p>\n<p><a href=\"https:\/\/photos.app.goo.gl\/uHXFtmuxoPv2NoQZ7\">CARTES REIS MAGS<\/a><\/p>\n","protected":false},"excerpt":{"rendered":"<p><a href=\"https:\/\/agora.xtec.cat\/ceip-dolorsalmeda-cornella\/wp-content\/uploads\/usu30\/2018\/12\/Image_02.jpg\"><\/a><br \/>\nDurant el primer trimestre els alumnes de primer han estat escrivint cartes. Han escrit una carta a les elfes de la biblioteca, als amics i amigues de la classe, i en arribar el Nadal, la carta als Reis Mags d&#8217;Orient i una postal de&hellip;  <a href=\"https:\/\/agora.xtec.cat\/ceip-dolorsalmeda-cornella\/general\/cartes-i-postals-de-nadal\/\" title=\"Read Cartes i postals de Nadal\">Llegeix m\u00e9s\u00bb<\/a><\/p>\n","protected":false},"author":1,"featured_media":1548,"comment_status":"open","ping_status":"closed","sticky":false,"template":"","format":"standard","meta":{"_bbp_topic_count":0,"_bbp_reply_count":0,"_bbp_total_topic_count":0,"_bbp_total_reply_count":0,"_bbp_voice_count":0,"_bbp_anonymous_reply_count":0,"_bbp_topic_count_hidden":0,"_bbp_reply_count_hidden":0,"_bbp_forum_subforum_count":0,"footnotes":""},"categories":[10,1,4,5],"tags":[170,74,169],"class_list":["post-1547","post","type-post","status-publish","format-standard","has-post-thumbnail","hentry","category-1r","category-general","category-portada","category-primaria","tag-carta","tag-nadal","tag-postal"],"post_mailing_queue_ids":[],"_links":{"self":[{"href":"https:\/\/agora.xtec.cat\/ceip-dolorsalmeda-cornella\/wp-json\/wp\/v2\/posts\/1547","targetHints":{"allow":["GET"]}}],"collection":[{"href":"https:\/\/agora.xtec.cat\/ceip-dolorsalmeda-cornella\/wp-json\/wp\/v2\/posts"}],"about":[{"href":"https:\/\/agora.xtec.cat\/ceip-dolorsalmeda-cornella\/wp-json\/wp\/v2\/types\/post"}],"author":[{"embeddable":true,"href":"https:\/\/agora.xtec.cat\/ceip-dolorsalmeda-cornella\/wp-json\/wp\/v2\/users\/1"}],"replies":[{"embeddable":true,"href":"https:\/\/agora.xtec.cat\/ceip-dolorsalmeda-cornella\/wp-json\/wp\/v2\/comments?post=1547"}],"version-history":[{"count":1,"href":"https:\/\/agora.xtec.cat\/ceip-dolorsalmeda-cornella\/wp-json\/wp\/v2\/posts\/1547\/revisions"}],"predecessor-version":[{"id":1549,"href":"https:\/\/agora.xtec.cat\/ceip-dolorsalmeda-cornella\/wp-json\/wp\/v2\/posts\/1547\/revisions\/1549"}],"wp:featuredmedia":[{"embeddable":true,"href":"https:\/\/agora.xtec.cat\/ceip-dolorsalmeda-cornella\/wp-json\/wp\/v2\/media\/1548"}],"wp:attachment":[{"href":"https:\/\/agora.xtec.cat\/ceip-dolorsalmeda-cornella\/wp-json\/wp\/v2\/media?parent=1547"}],"wp:term":[{"taxonomy":"category","embeddable":true,"href":"https:\/\/agora.xtec.cat\/ceip-dolorsalmeda-cornella\/wp-json\/wp\/v2\/categories?post=1547"},{"taxonomy":"post_tag","embeddable":true,"href":"https:\/\/agora.xtec.cat\/ceip-dolorsalmeda-cornella\/wp-json\/wp\/v2\/tags?post=1547"}],"curies":[{"name":"wp","href":"https:\/\/api.w.org\/{rel}","templated":true}]}}