{"id":1540,"date":"2018-12-05T13:27:31","date_gmt":"2018-12-05T12:27:31","guid":{"rendered":"http:\/\/agora.xtec.cat\/ceip-dolorsalmeda-cornella\/?p=1540"},"modified":"2019-07-03T14:04:15","modified_gmt":"2019-07-03T12:04:15","slug":"p5-a-cornella-en-miniatura","status":"publish","type":"post","link":"https:\/\/agora.xtec.cat\/ceip-dolorsalmeda-cornella\/general\/p5-a-cornella-en-miniatura\/","title":{"rendered":"Ed. Infantil a Cornell\u00e0 en miniatura"},"content":{"rendered":"<p style=\"text-align: justify;\"><a href=\"https:\/\/agora.xtec.cat\/ceip-dolorsalmeda-cornella\/wp-content\/uploads\/usu30\/2018\/12\/CORNELL\u00c0-EN-MINIATURA-1.jpg\"><img loading=\"lazy\" decoding=\"async\" class=\" wp-image-1542 aligncenter\" src=\"https:\/\/agora.xtec.cat\/ceip-dolorsalmeda-cornella\/wp-content\/uploads\/usu30\/2018\/12\/CORNELL\u00c0-EN-MINIATURA-1.jpg\" alt=\"\" width=\"479\" height=\"359\" srcset=\"https:\/\/agora.xtec.cat\/ceip-dolorsalmeda-cornella\/wp-content\/uploads\/usu30\/2018\/12\/CORNELL\u00c0-EN-MINIATURA-1.jpg 640w, https:\/\/agora.xtec.cat\/ceip-dolorsalmeda-cornella\/wp-content\/uploads\/usu30\/2018\/12\/CORNELL\u00c0-EN-MINIATURA-1-300x225.jpg 300w, https:\/\/agora.xtec.cat\/ceip-dolorsalmeda-cornella\/wp-content\/uploads\/usu30\/2018\/12\/CORNELL\u00c0-EN-MINIATURA-1-200x150.jpg 200w\" sizes=\"auto, (max-width: 479px) 100vw, 479px\" \/><\/a>Els infants d&#8217;Ed. Infantil han anat a Cornell\u00e0 en miniatura al Parc Esportiu Llobregat. L\u2019espai estava dividit pels diferents edificis tan emblem\u00e0tics de Cornell\u00e0. Per presentar l\u2019espai s\u2019han assegut en mig de la pla\u00e7a Catalunya i han pogut recon\u00e8ixer els diferents edificis que els rodejaven. Primer han trobat la famosa \u201cTorre de la Miranda\u201d acompanyada d\u2019unes construccions gegants, tamb\u00e9 estava la pir\u00e0mide de la Fira de Cornell\u00e0 que estava buida per dins i es podien amagar i construir un circuit de trens, davant del Castell de Cornell\u00e0 hi havia una proposta de joc (memori) i al costat, el mercat, tal com \u00e9s realment. Tamb\u00e9 han trobat els antics cines Titan que ara \u00e9s la biblioteca Marta Mata i l\u2019antiga esgl\u00e9sia de Cornell\u00e0 on havien de tirar pilotes per les finestres.<\/p>\n<p style=\"text-align: justify;\">Ha estat una experi\u00e8ncia diferent on han reconegut molts dels edificis dels quals estaven exposats i han gaudit amb les diferents propostes de joc.<\/p>\n<p><a href=\"https:\/\/photos.app.goo.gl\/rwZXCp9wWAWjjpXQ7\">FOTOS<\/a><\/p>\n<p>Amb la col\u00b7laboraci\u00f3 de:<\/p>\n<p><img loading=\"lazy\" decoding=\"async\" class=\"\" src=\"https:\/\/agora.xtec.cat\/ceip-dolorsalmeda-cornella\/wp-content\/uploads\/usu30\/2019\/01\/ajcornella_colorRGB_hor-1024x390.jpg\" width=\"270\" height=\"103\" \/><\/p>\n","protected":false},"excerpt":{"rendered":"<p><a href=\"https:\/\/agora.xtec.cat\/ceip-dolorsalmeda-cornella\/wp-content\/uploads\/usu30\/2018\/12\/CORNELL\u00c0-EN-MINIATURA-1.jpg\"><\/a>Els infants d&#8217;Ed. Infantil han anat a Cornell\u00e0 en miniatura al Parc Esportiu Llobregat. L\u2019espai estava dividit pels diferents edificis tan emblem\u00e0tics de Cornell\u00e0. Per presentar l\u2019espai s\u2019han assegut en mig de la pla\u00e7a Catalunya i han pogut recon\u00e8ixer els diferents edificis que els&hellip;  <a href=\"https:\/\/agora.xtec.cat\/ceip-dolorsalmeda-cornella\/general\/p5-a-cornella-en-miniatura\/\" title=\"Read Ed. Infantil a Cornell\u00e0 en miniatura\">Llegeix m\u00e9s\u00bb<\/a><\/p>\n","protected":false},"author":1,"featured_media":1542,"comment_status":"open","ping_status":"closed","sticky":false,"template":"","format":"standard","meta":{"_bbp_topic_count":0,"_bbp_reply_count":0,"_bbp_total_topic_count":0,"_bbp_total_reply_count":0,"_bbp_voice_count":0,"_bbp_anonymous_reply_count":0,"_bbp_topic_count_hidden":0,"_bbp_reply_count_hidden":0,"_bbp_forum_subforum_count":0,"footnotes":""},"categories":[1,9,2,4],"tags":[73,113],"class_list":["post-1540","post","type-post","status-publish","format-standard","has-post-thumbnail","hentry","category-general","category-i5","category-infantil","category-portada","tag-projecte","tag-sortida"],"post_mailing_queue_ids":[],"_links":{"self":[{"href":"https:\/\/agora.xtec.cat\/ceip-dolorsalmeda-cornella\/wp-json\/wp\/v2\/posts\/1540","targetHints":{"allow":["GET"]}}],"collection":[{"href":"https:\/\/agora.xtec.cat\/ceip-dolorsalmeda-cornella\/wp-json\/wp\/v2\/posts"}],"about":[{"href":"https:\/\/agora.xtec.cat\/ceip-dolorsalmeda-cornella\/wp-json\/wp\/v2\/types\/post"}],"author":[{"embeddable":true,"href":"https:\/\/agora.xtec.cat\/ceip-dolorsalmeda-cornella\/wp-json\/wp\/v2\/users\/1"}],"replies":[{"embeddable":true,"href":"https:\/\/agora.xtec.cat\/ceip-dolorsalmeda-cornella\/wp-json\/wp\/v2\/comments?post=1540"}],"version-history":[{"count":3,"href":"https:\/\/agora.xtec.cat\/ceip-dolorsalmeda-cornella\/wp-json\/wp\/v2\/posts\/1540\/revisions"}],"predecessor-version":[{"id":2190,"href":"https:\/\/agora.xtec.cat\/ceip-dolorsalmeda-cornella\/wp-json\/wp\/v2\/posts\/1540\/revisions\/2190"}],"wp:featuredmedia":[{"embeddable":true,"href":"https:\/\/agora.xtec.cat\/ceip-dolorsalmeda-cornella\/wp-json\/wp\/v2\/media\/1542"}],"wp:attachment":[{"href":"https:\/\/agora.xtec.cat\/ceip-dolorsalmeda-cornella\/wp-json\/wp\/v2\/media?parent=1540"}],"wp:term":[{"taxonomy":"category","embeddable":true,"href":"https:\/\/agora.xtec.cat\/ceip-dolorsalmeda-cornella\/wp-json\/wp\/v2\/categories?post=1540"},{"taxonomy":"post_tag","embeddable":true,"href":"https:\/\/agora.xtec.cat\/ceip-dolorsalmeda-cornella\/wp-json\/wp\/v2\/tags?post=1540"}],"curies":[{"name":"wp","href":"https:\/\/api.w.org\/{rel}","templated":true}]}}