{"id":1531,"date":"2018-11-30T10:12:42","date_gmt":"2018-11-30T09:12:42","guid":{"rendered":"http:\/\/agora.xtec.cat\/ceip-dolorsalmeda-cornella\/?p=1531"},"modified":"2018-11-30T13:13:39","modified_gmt":"2018-11-30T12:13:39","slug":"circ-raluy","status":"publish","type":"post","link":"https:\/\/agora.xtec.cat\/ceip-dolorsalmeda-cornella\/general\/circ-raluy\/","title":{"rendered":"Circ Raluy"},"content":{"rendered":"<p>&nbsp;<\/p>\n<p><a href=\"https:\/\/agora.xtec.cat\/ceip-dolorsalmeda-cornella\/wp-content\/uploads\/usu30\/2018\/11\/9.-CIRC-RALUYRALUY-1RB27.jpg\"><img loading=\"lazy\" decoding=\"async\" class=\"wp-image-1533 aligncenter\" src=\"https:\/\/agora.xtec.cat\/ceip-dolorsalmeda-cornella\/wp-content\/uploads\/usu30\/2018\/11\/9.-CIRC-RALUYRALUY-1RB27-1024x768.jpg\" alt=\"\" width=\"519\" height=\"389\" srcset=\"https:\/\/agora.xtec.cat\/ceip-dolorsalmeda-cornella\/wp-content\/uploads\/usu30\/2018\/11\/9.-CIRC-RALUYRALUY-1RB27-1024x768.jpg 1024w, https:\/\/agora.xtec.cat\/ceip-dolorsalmeda-cornella\/wp-content\/uploads\/usu30\/2018\/11\/9.-CIRC-RALUYRALUY-1RB27-300x225.jpg 300w, https:\/\/agora.xtec.cat\/ceip-dolorsalmeda-cornella\/wp-content\/uploads\/usu30\/2018\/11\/9.-CIRC-RALUYRALUY-1RB27-768x576.jpg 768w, https:\/\/agora.xtec.cat\/ceip-dolorsalmeda-cornella\/wp-content\/uploads\/usu30\/2018\/11\/9.-CIRC-RALUYRALUY-1RB27-200x150.jpg 200w\" sizes=\"auto, (max-width: 519px) 100vw, 519px\" \/><\/a><\/p>\n<p>Durant el mes de novembre, el Circ Raluy ha estat de visita a Cornell\u00e0 i vam voler aprofitar l&#8217;ocasi\u00f3 per visitar-lo i fer un taller per con\u00e8ixer el circ. Enmarcat dins el\u00a0 projecte interdisciplinar &#8220;Un tomb pel m\u00f3n&#8221;,\u00a0 es volia apropar als infants el mode de vida n\u00f2mada del circ, viatjant per diferents ciutats i vivint en les seves caravanes. Durant el taller, els alumnes de cicle inicial van poder visitar els diferents espais del circ i con\u00e8ixer alguns dels seus artistes. Van poder descobrir la zona on es preparen els artistes abans de la seva actuaci\u00f3 i on escalfen i preparen el material que necessiten. Van seure al voltant de la carpa i els m\u00e9s valents, van poder pujar al c\u00e8rcol aeri i experimentar amb aquest element que permet fer moltes acrob\u00e0cies. Van veure algunes de les caravanes del circ, com la de la cafeteria, i van descobrir que a part de les caravanes pr\u00f2pies de cadascun dels artistes, n&#8217;hi ha tamb\u00e9 una que \u00e9s una biblioteca on hi ha llibres del circ i tamb\u00e9 de matem\u00e0tiques ja que a l&#8217;amo del circ li agraden molt!<\/p>\n<p>Algunes caravanes tenen al voltant de 100 anys i han estat restaurades per conservar el pas del temps. A m\u00e9s,\u00a0 \u00e9s l&#8217;\u00fanic circ que tamb\u00e9 t\u00e9 una caravana hotel, on les persones que s&#8217;hi allotgen poden, a m\u00e9s de gaudir de l&#8217;espectacle, veure els entrenaments i durant uns dies, fer vida de circ!<\/p>\n<p>&nbsp;<\/p>\n<p><a href=\"https:\/\/photos.app.goo.gl\/sxjH2FPFpUbjN9YC6\">CIRC 1rA<\/a><\/p>\n<p><a href=\"https:\/\/photos.app.goo.gl\/HKYdJ1hYAhaQx9Ux8\">CIRC 1rB<\/a><\/p>\n<p><a href=\"https:\/\/photos.app.goo.gl\/KtZueyxogSCj658t9\">CIRC 2n<\/a><\/p>\n","protected":false},"excerpt":{"rendered":"<p>&nbsp;<br \/>\n<a href=\"https:\/\/agora.xtec.cat\/ceip-dolorsalmeda-cornella\/wp-content\/uploads\/usu30\/2018\/11\/9.-CIRC-RALUYRALUY-1RB27.jpg\"><\/a><br \/>\nDurant el mes de novembre, el Circ Raluy ha estat de visita a Cornell\u00e0 i vam voler aprofitar l&#8217;ocasi\u00f3 per visitar-lo i fer un taller per con\u00e8ixer el circ. Enmarcat dins el\u00a0 projecte interdisciplinar &#8220;Un tomb pel m\u00f3n&#8221;,\u00a0 es volia apropar als infants el&hellip;  <a href=\"https:\/\/agora.xtec.cat\/ceip-dolorsalmeda-cornella\/general\/circ-raluy\/\" title=\"Read Circ Raluy\">Llegeix m\u00e9s\u00bb<\/a><\/p>\n","protected":false},"author":1,"featured_media":1533,"comment_status":"open","ping_status":"closed","sticky":false,"template":"","format":"standard","meta":{"_bbp_topic_count":0,"_bbp_reply_count":0,"_bbp_total_topic_count":0,"_bbp_total_reply_count":0,"_bbp_voice_count":0,"_bbp_anonymous_reply_count":0,"_bbp_topic_count_hidden":0,"_bbp_reply_count_hidden":0,"_bbp_forum_subforum_count":0,"footnotes":""},"categories":[10,11,1,4,5],"tags":[167,16,168],"class_list":["post-1531","post","type-post","status-publish","format-standard","has-post-thumbnail","hentry","category-1r","category-2n","category-general","category-portada","category-primaria","tag-circ","tag-sortides","tag-un-tomb-pel-mon"],"post_mailing_queue_ids":[],"_links":{"self":[{"href":"https:\/\/agora.xtec.cat\/ceip-dolorsalmeda-cornella\/wp-json\/wp\/v2\/posts\/1531","targetHints":{"allow":["GET"]}}],"collection":[{"href":"https:\/\/agora.xtec.cat\/ceip-dolorsalmeda-cornella\/wp-json\/wp\/v2\/posts"}],"about":[{"href":"https:\/\/agora.xtec.cat\/ceip-dolorsalmeda-cornella\/wp-json\/wp\/v2\/types\/post"}],"author":[{"embeddable":true,"href":"https:\/\/agora.xtec.cat\/ceip-dolorsalmeda-cornella\/wp-json\/wp\/v2\/users\/1"}],"replies":[{"embeddable":true,"href":"https:\/\/agora.xtec.cat\/ceip-dolorsalmeda-cornella\/wp-json\/wp\/v2\/comments?post=1531"}],"version-history":[{"count":3,"href":"https:\/\/agora.xtec.cat\/ceip-dolorsalmeda-cornella\/wp-json\/wp\/v2\/posts\/1531\/revisions"}],"predecessor-version":[{"id":1537,"href":"https:\/\/agora.xtec.cat\/ceip-dolorsalmeda-cornella\/wp-json\/wp\/v2\/posts\/1531\/revisions\/1537"}],"wp:featuredmedia":[{"embeddable":true,"href":"https:\/\/agora.xtec.cat\/ceip-dolorsalmeda-cornella\/wp-json\/wp\/v2\/media\/1533"}],"wp:attachment":[{"href":"https:\/\/agora.xtec.cat\/ceip-dolorsalmeda-cornella\/wp-json\/wp\/v2\/media?parent=1531"}],"wp:term":[{"taxonomy":"category","embeddable":true,"href":"https:\/\/agora.xtec.cat\/ceip-dolorsalmeda-cornella\/wp-json\/wp\/v2\/categories?post=1531"},{"taxonomy":"post_tag","embeddable":true,"href":"https:\/\/agora.xtec.cat\/ceip-dolorsalmeda-cornella\/wp-json\/wp\/v2\/tags?post=1531"}],"curies":[{"name":"wp","href":"https:\/\/api.w.org\/{rel}","templated":true}]}}