{"id":1502,"date":"2018-11-07T13:52:31","date_gmt":"2018-11-07T12:52:31","guid":{"rendered":"http:\/\/agora.xtec.cat\/ceip-dolorsalmeda-cornella\/?p=1502"},"modified":"2018-11-07T13:52:31","modified_gmt":"2018-11-07T12:52:31","slug":"audicio-de-violoncel","status":"publish","type":"post","link":"https:\/\/agora.xtec.cat\/ceip-dolorsalmeda-cornella\/general\/audicio-de-violoncel\/","title":{"rendered":"Audici\u00f3 de violoncel"},"content":{"rendered":"<p><a href=\"https:\/\/photos.app.goo.gl\/icZ19nWtdDNREbQM9\"><img loading=\"lazy\" decoding=\"async\" class=\" wp-image-1508\" src=\"https:\/\/agora.xtec.cat\/ceip-dolorsalmeda-cornella\/wp-content\/uploads\/usu30\/2018\/11\/VIOLONCEL-1RB9.jpg\" alt=\"\" width=\"279\" height=\"209\" srcset=\"https:\/\/agora.xtec.cat\/ceip-dolorsalmeda-cornella\/wp-content\/uploads\/usu30\/2018\/11\/VIOLONCEL-1RB9.jpg 640w, https:\/\/agora.xtec.cat\/ceip-dolorsalmeda-cornella\/wp-content\/uploads\/usu30\/2018\/11\/VIOLONCEL-1RB9-300x225.jpg 300w, https:\/\/agora.xtec.cat\/ceip-dolorsalmeda-cornella\/wp-content\/uploads\/usu30\/2018\/11\/VIOLONCEL-1RB9-200x150.jpg 200w\" sizes=\"auto, (max-width: 279px) 100vw, 279px\" \/><\/a><\/p>\n<p>El violoncel com a component del quartet de corda cl\u00e0ssic ha estat el protagonista en el taller dels alumnes de primer, on han escoltat des de melodies cl\u00e0ssiques fins a temes m\u00e9s actuals. El taller comen\u00e7a amb la hist\u00f2ria del violoncel a Catalunya parlant de la figura de Pau Casals com a m\u00e0xim referent d&#8217;aquest instrument. La m\u00fasica de cinema ha estat un altre apartat del taller, han gaudit de pel\u00b7l\u00edcules com Vaiana, La bella i la b\u00e8stia, Frozen o Canta! amb el suport de la pantalla i la sonoritat en directe del violontel. L&#8217;experimentaci\u00f3 amb el violoncel ha estat una altra viv\u00e8ncia que han fet els alumnes, fregant les cordes per sentir les vibracions amb els dits. En acabar, cada infant es va endur un tatuatge de violoncel com a record de l&#8217;experi\u00e8ncia per despr\u00e9s poder compartir amb les fam\u00edlies tot el que han apr\u00e8s d&#8217;aquest instrument. (Per veure m\u00e9s fotografies, cliqueu la imatge).<\/p>\n","protected":false},"excerpt":{"rendered":"<p><a href=\"https:\/\/photos.app.goo.gl\/icZ19nWtdDNREbQM9\"><\/a><br \/>\nEl violoncel com a component del quartet de corda cl\u00e0ssic ha estat el protagonista en el taller dels alumnes de primer, on han escoltat des de melodies cl\u00e0ssiques fins a temes m\u00e9s actuals. El taller comen\u00e7a amb la hist\u00f2ria del violoncel a Catalunya parlant&hellip;  <a href=\"https:\/\/agora.xtec.cat\/ceip-dolorsalmeda-cornella\/general\/audicio-de-violoncel\/\" title=\"Read Audici\u00f3 de violoncel\">Llegeix m\u00e9s\u00bb<\/a><\/p>\n","protected":false},"author":1,"featured_media":1508,"comment_status":"open","ping_status":"closed","sticky":false,"template":"","format":"standard","meta":{"_bbp_topic_count":0,"_bbp_reply_count":0,"_bbp_total_topic_count":0,"_bbp_total_reply_count":0,"_bbp_voice_count":0,"_bbp_anonymous_reply_count":0,"_bbp_topic_count_hidden":0,"_bbp_reply_count_hidden":0,"_bbp_forum_subforum_count":0,"footnotes":""},"categories":[10,1,4,5],"tags":[125,67,163],"class_list":["post-1502","post","type-post","status-publish","format-standard","has-post-thumbnail","hentry","category-1r","category-general","category-portada","category-primaria","tag-audicio","tag-musica","tag-violoncel"],"post_mailing_queue_ids":[],"_links":{"self":[{"href":"https:\/\/agora.xtec.cat\/ceip-dolorsalmeda-cornella\/wp-json\/wp\/v2\/posts\/1502","targetHints":{"allow":["GET"]}}],"collection":[{"href":"https:\/\/agora.xtec.cat\/ceip-dolorsalmeda-cornella\/wp-json\/wp\/v2\/posts"}],"about":[{"href":"https:\/\/agora.xtec.cat\/ceip-dolorsalmeda-cornella\/wp-json\/wp\/v2\/types\/post"}],"author":[{"embeddable":true,"href":"https:\/\/agora.xtec.cat\/ceip-dolorsalmeda-cornella\/wp-json\/wp\/v2\/users\/1"}],"replies":[{"embeddable":true,"href":"https:\/\/agora.xtec.cat\/ceip-dolorsalmeda-cornella\/wp-json\/wp\/v2\/comments?post=1502"}],"version-history":[{"count":1,"href":"https:\/\/agora.xtec.cat\/ceip-dolorsalmeda-cornella\/wp-json\/wp\/v2\/posts\/1502\/revisions"}],"predecessor-version":[{"id":1509,"href":"https:\/\/agora.xtec.cat\/ceip-dolorsalmeda-cornella\/wp-json\/wp\/v2\/posts\/1502\/revisions\/1509"}],"wp:featuredmedia":[{"embeddable":true,"href":"https:\/\/agora.xtec.cat\/ceip-dolorsalmeda-cornella\/wp-json\/wp\/v2\/media\/1508"}],"wp:attachment":[{"href":"https:\/\/agora.xtec.cat\/ceip-dolorsalmeda-cornella\/wp-json\/wp\/v2\/media?parent=1502"}],"wp:term":[{"taxonomy":"category","embeddable":true,"href":"https:\/\/agora.xtec.cat\/ceip-dolorsalmeda-cornella\/wp-json\/wp\/v2\/categories?post=1502"},{"taxonomy":"post_tag","embeddable":true,"href":"https:\/\/agora.xtec.cat\/ceip-dolorsalmeda-cornella\/wp-json\/wp\/v2\/tags?post=1502"}],"curies":[{"name":"wp","href":"https:\/\/api.w.org\/{rel}","templated":true}]}}