{"id":1496,"date":"2018-11-06T16:33:26","date_gmt":"2018-11-06T15:33:26","guid":{"rendered":"http:\/\/agora.xtec.cat\/ceip-dolorsalmeda-cornella\/?p=1496"},"modified":"2018-11-06T16:33:26","modified_gmt":"2018-11-06T15:33:26","slug":"visita-a-les-mines-de-gava","status":"publish","type":"post","link":"https:\/\/agora.xtec.cat\/ceip-dolorsalmeda-cornella\/general\/visita-a-les-mines-de-gava\/","title":{"rendered":"Visita a les mines de Gav\u00e0"},"content":{"rendered":"<p>Els alumnes de sis\u00e8 s\u2019han convertit en arque\u00f2legs per un dia i han visitat les mines neol\u00edtiques de Gav\u00e0. Han tingut l\u2019oportunitat de posar-se a la pell de les persones que van viure durant la prehist\u00f2ria de fa m\u00e9s de 6000 anys i aix\u00ed entendre una mica millor l\u2019evoluci\u00f3 de l\u2019esp\u00e8cie humana.<\/p>\n<p>Amb aquesta visita han pogut consolidar els continguts treballats a classe i fer-se uns grans experts en la mat\u00e8ria.<\/p>\n<p><a href=\"https:\/\/photos.app.goo.gl\/HxLQhxVyU8pFBwCh6\">FOTOS<\/a><\/p>\n","protected":false},"excerpt":{"rendered":"<p>Els alumnes de sis\u00e8 s\u2019han convertit en arque\u00f2legs per un dia i han visitat les mines neol\u00edtiques de Gav\u00e0. Han tingut l\u2019oportunitat de posar-se a la pell de les persones que van viure durant la prehist\u00f2ria de fa m\u00e9s de 6000 anys i aix\u00ed entendre&hellip;  <a href=\"https:\/\/agora.xtec.cat\/ceip-dolorsalmeda-cornella\/general\/visita-a-les-mines-de-gava\/\" title=\"Read Visita a les mines de Gav\u00e0\">Llegeix m\u00e9s\u00bb<\/a><\/p>\n","protected":false},"author":6,"featured_media":1497,"comment_status":"open","ping_status":"closed","sticky":false,"template":"","format":"standard","meta":{"_bbp_topic_count":0,"_bbp_reply_count":0,"_bbp_total_topic_count":0,"_bbp_total_reply_count":0,"_bbp_voice_count":0,"_bbp_anonymous_reply_count":0,"_bbp_topic_count_hidden":0,"_bbp_reply_count_hidden":0,"_bbp_forum_subforum_count":0,"footnotes":""},"categories":[15,1,4,5],"tags":[113],"class_list":["post-1496","post","type-post","status-publish","format-standard","has-post-thumbnail","hentry","category-6e","category-general","category-portada","category-primaria","tag-sortida"],"post_mailing_queue_ids":[],"_links":{"self":[{"href":"https:\/\/agora.xtec.cat\/ceip-dolorsalmeda-cornella\/wp-json\/wp\/v2\/posts\/1496","targetHints":{"allow":["GET"]}}],"collection":[{"href":"https:\/\/agora.xtec.cat\/ceip-dolorsalmeda-cornella\/wp-json\/wp\/v2\/posts"}],"about":[{"href":"https:\/\/agora.xtec.cat\/ceip-dolorsalmeda-cornella\/wp-json\/wp\/v2\/types\/post"}],"author":[{"embeddable":true,"href":"https:\/\/agora.xtec.cat\/ceip-dolorsalmeda-cornella\/wp-json\/wp\/v2\/users\/6"}],"replies":[{"embeddable":true,"href":"https:\/\/agora.xtec.cat\/ceip-dolorsalmeda-cornella\/wp-json\/wp\/v2\/comments?post=1496"}],"version-history":[{"count":2,"href":"https:\/\/agora.xtec.cat\/ceip-dolorsalmeda-cornella\/wp-json\/wp\/v2\/posts\/1496\/revisions"}],"predecessor-version":[{"id":1499,"href":"https:\/\/agora.xtec.cat\/ceip-dolorsalmeda-cornella\/wp-json\/wp\/v2\/posts\/1496\/revisions\/1499"}],"wp:featuredmedia":[{"embeddable":true,"href":"https:\/\/agora.xtec.cat\/ceip-dolorsalmeda-cornella\/wp-json\/wp\/v2\/media\/1497"}],"wp:attachment":[{"href":"https:\/\/agora.xtec.cat\/ceip-dolorsalmeda-cornella\/wp-json\/wp\/v2\/media?parent=1496"}],"wp:term":[{"taxonomy":"category","embeddable":true,"href":"https:\/\/agora.xtec.cat\/ceip-dolorsalmeda-cornella\/wp-json\/wp\/v2\/categories?post=1496"},{"taxonomy":"post_tag","embeddable":true,"href":"https:\/\/agora.xtec.cat\/ceip-dolorsalmeda-cornella\/wp-json\/wp\/v2\/tags?post=1496"}],"curies":[{"name":"wp","href":"https:\/\/api.w.org\/{rel}","templated":true}]}}