{"id":1483,"date":"2018-10-31T13:26:18","date_gmt":"2018-10-31T12:26:18","guid":{"rendered":"http:\/\/agora.xtec.cat\/ceip-dolorsalmeda-cornella\/?p=1483"},"modified":"2018-10-31T13:26:18","modified_gmt":"2018-10-31T12:26:18","slug":"taller-de-petites-mascotes-a-p3","status":"publish","type":"post","link":"https:\/\/agora.xtec.cat\/ceip-dolorsalmeda-cornella\/general\/taller-de-petites-mascotes-a-p3\/","title":{"rendered":"Taller de petites mascotes a P3"},"content":{"rendered":"<p><a href=\"https:\/\/photos.app.goo.gl\/e93sNS6RnoF8sTa99\"><img loading=\"lazy\" decoding=\"async\" class=\"wp-image-1484 aligncenter\" src=\"https:\/\/agora.xtec.cat\/ceip-dolorsalmeda-cornella\/wp-content\/uploads\/usu30\/2018\/10\/PAG-WEB-P3-1.jpg\" alt=\"\" width=\"313\" height=\"250\" srcset=\"https:\/\/agora.xtec.cat\/ceip-dolorsalmeda-cornella\/wp-content\/uploads\/usu30\/2018\/10\/PAG-WEB-P3-1.jpg 640w, https:\/\/agora.xtec.cat\/ceip-dolorsalmeda-cornella\/wp-content\/uploads\/usu30\/2018\/10\/PAG-WEB-P3-1-300x240.jpg 300w\" sizes=\"auto, (max-width: 313px) 100vw, 313px\" \/><\/a><\/p>\n<p>El dilluns dia 29 \u00b4d\u2019octubre els nens i nenes de P3 vam fer el taller de petites mascotes. Vam poder veure i tocar una tortuga d\u2019aigua, un conill, una xinxilla i un geko.\u00a0La tortuga d\u2019aigua no anava tan a poc a poc com ens pens\u00e0vem. El conill movia els bigotis molt r\u00e0pid. La xinxilla era molt suau. I el geko era de la fam\u00edlia del llangardaix i s\u2019estava molt quiet.Va ser molt emocionant i divertit!! (Per veure m\u00e9s fotografies, cliqueu sobre la imatge).<\/p>\n","protected":false},"excerpt":{"rendered":"<p><a href=\"https:\/\/photos.app.goo.gl\/e93sNS6RnoF8sTa99\"><\/a><br \/>\nEl dilluns dia 29 \u00b4d\u2019octubre els nens i nenes de P3 vam fer el taller de petites mascotes. Vam poder veure i tocar una tortuga d\u2019aigua, un conill, una xinxilla i un geko.\u00a0La tortuga d\u2019aigua no anava tan a poc a poc com ens&hellip;  <a href=\"https:\/\/agora.xtec.cat\/ceip-dolorsalmeda-cornella\/general\/taller-de-petites-mascotes-a-p3\/\" title=\"Read Taller de petites mascotes a P3\">Llegeix m\u00e9s\u00bb<\/a><\/p>\n","protected":false},"author":1,"featured_media":1484,"comment_status":"open","ping_status":"closed","sticky":false,"template":"","format":"standard","meta":{"_bbp_topic_count":0,"_bbp_reply_count":0,"_bbp_total_topic_count":0,"_bbp_total_reply_count":0,"_bbp_voice_count":0,"_bbp_anonymous_reply_count":0,"_bbp_topic_count_hidden":0,"_bbp_reply_count_hidden":0,"_bbp_forum_subforum_count":0,"footnotes":""},"categories":[1,3,2,4],"tags":[],"class_list":["post-1483","post","type-post","status-publish","format-standard","has-post-thumbnail","hentry","category-general","category-i3","category-infantil","category-portada"],"post_mailing_queue_ids":[],"_links":{"self":[{"href":"https:\/\/agora.xtec.cat\/ceip-dolorsalmeda-cornella\/wp-json\/wp\/v2\/posts\/1483","targetHints":{"allow":["GET"]}}],"collection":[{"href":"https:\/\/agora.xtec.cat\/ceip-dolorsalmeda-cornella\/wp-json\/wp\/v2\/posts"}],"about":[{"href":"https:\/\/agora.xtec.cat\/ceip-dolorsalmeda-cornella\/wp-json\/wp\/v2\/types\/post"}],"author":[{"embeddable":true,"href":"https:\/\/agora.xtec.cat\/ceip-dolorsalmeda-cornella\/wp-json\/wp\/v2\/users\/1"}],"replies":[{"embeddable":true,"href":"https:\/\/agora.xtec.cat\/ceip-dolorsalmeda-cornella\/wp-json\/wp\/v2\/comments?post=1483"}],"version-history":[{"count":1,"href":"https:\/\/agora.xtec.cat\/ceip-dolorsalmeda-cornella\/wp-json\/wp\/v2\/posts\/1483\/revisions"}],"predecessor-version":[{"id":1485,"href":"https:\/\/agora.xtec.cat\/ceip-dolorsalmeda-cornella\/wp-json\/wp\/v2\/posts\/1483\/revisions\/1485"}],"wp:featuredmedia":[{"embeddable":true,"href":"https:\/\/agora.xtec.cat\/ceip-dolorsalmeda-cornella\/wp-json\/wp\/v2\/media\/1484"}],"wp:attachment":[{"href":"https:\/\/agora.xtec.cat\/ceip-dolorsalmeda-cornella\/wp-json\/wp\/v2\/media?parent=1483"}],"wp:term":[{"taxonomy":"category","embeddable":true,"href":"https:\/\/agora.xtec.cat\/ceip-dolorsalmeda-cornella\/wp-json\/wp\/v2\/categories?post=1483"},{"taxonomy":"post_tag","embeddable":true,"href":"https:\/\/agora.xtec.cat\/ceip-dolorsalmeda-cornella\/wp-json\/wp\/v2\/tags?post=1483"}],"curies":[{"name":"wp","href":"https:\/\/api.w.org\/{rel}","templated":true}]}}