{"id":1449,"date":"2018-10-17T17:15:49","date_gmt":"2018-10-17T15:15:49","guid":{"rendered":"http:\/\/agora.xtec.cat\/ceip-dolorsalmeda-cornella\/?p=1449"},"modified":"2018-10-17T17:16:39","modified_gmt":"2018-10-17T15:16:39","slug":"presentem-la-inauguracio-del-curs-2018-19","status":"publish","type":"post","link":"https:\/\/agora.xtec.cat\/ceip-dolorsalmeda-cornella\/general\/presentem-la-inauguracio-del-curs-2018-19\/","title":{"rendered":"Presentem la inauguraci\u00f3 del curs 2018-19"},"content":{"rendered":"<p>Avui el Joel i la Paula, alumnes de sis\u00e8, han tingut el privilegi de presentar l&#8217;acte d&#8217;inauguraci\u00f3 de curs que l&#8217;Ajuntament de Cornell\u00e0 ha organitzat\u00a0 al Museu de les Aig\u00fces.<\/p>\n<p>Han pogut explicar a tots els assistents el projecte de rob\u00f2tica que a l&#8217;escola\u00a0 vam engegar fa dos cursos en col\u00b7laboraci\u00f3 amb el Citilab.<\/p>\n<p>Ho han fet molt b\u00e9, malgrat els nervis de la situaci\u00f3, i tenint en compte que la sala \u00c0gora estava plena de personalitats i mestres de tota la ciutat, el m\u00e8rit \u00e9s doble!!!!<\/p>\n<p>Moltes gr\u00e0cies a tots dos! Ens heu representat magn\u00edficament a l&#8217;Escola Dolors Almeda.<\/p>\n<p>&nbsp;<\/p>\n<p><a href=\"https:\/\/agora.xtec.cat\/ceip-dolorsalmeda-cornella\/wp-content\/uploads\/usu30\/2018\/10\/20181017_123835.jpg\"><img loading=\"lazy\" decoding=\"async\" class=\"alignnone size-full wp-image-1450\" src=\"https:\/\/agora.xtec.cat\/ceip-dolorsalmeda-cornella\/wp-content\/uploads\/usu30\/2018\/10\/20181017_123835.jpg\" alt=\"\" width=\"1008\" height=\"756\" srcset=\"https:\/\/agora.xtec.cat\/ceip-dolorsalmeda-cornella\/wp-content\/uploads\/usu30\/2018\/10\/20181017_123835.jpg 1008w, https:\/\/agora.xtec.cat\/ceip-dolorsalmeda-cornella\/wp-content\/uploads\/usu30\/2018\/10\/20181017_123835-300x225.jpg 300w, https:\/\/agora.xtec.cat\/ceip-dolorsalmeda-cornella\/wp-content\/uploads\/usu30\/2018\/10\/20181017_123835-768x576.jpg 768w, https:\/\/agora.xtec.cat\/ceip-dolorsalmeda-cornella\/wp-content\/uploads\/usu30\/2018\/10\/20181017_123835-200x150.jpg 200w\" sizes=\"auto, (max-width: 1008px) 100vw, 1008px\" \/><\/a><\/p>\n","protected":false},"excerpt":{"rendered":"<p>Avui el Joel i la Paula, alumnes de sis\u00e8, han tingut el privilegi de presentar l&#8217;acte d&#8217;inauguraci\u00f3 de curs que l&#8217;Ajuntament de Cornell\u00e0 ha organitzat\u00a0 al Museu de les Aig\u00fces.<br \/>\nHan pogut explicar a tots els assistents el projecte de rob\u00f2tica que a l&#8217;escola\u00a0 vam engegar&hellip;  <a href=\"https:\/\/agora.xtec.cat\/ceip-dolorsalmeda-cornella\/general\/presentem-la-inauguracio-del-curs-2018-19\/\" title=\"Read Presentem la inauguraci\u00f3 del curs 2018-19\">Llegeix m\u00e9s\u00bb<\/a><\/p>\n","protected":false},"author":1,"featured_media":1451,"comment_status":"open","ping_status":"closed","sticky":false,"template":"","format":"standard","meta":{"_bbp_topic_count":0,"_bbp_reply_count":0,"_bbp_total_topic_count":0,"_bbp_total_reply_count":0,"_bbp_voice_count":0,"_bbp_anonymous_reply_count":0,"_bbp_topic_count_hidden":0,"_bbp_reply_count_hidden":0,"_bbp_forum_subforum_count":0,"footnotes":""},"categories":[15,1,4],"tags":[118],"class_list":["post-1449","post","type-post","status-publish","format-standard","has-post-thumbnail","hentry","category-6e","category-general","category-portada","tag-6e"],"post_mailing_queue_ids":[],"_links":{"self":[{"href":"https:\/\/agora.xtec.cat\/ceip-dolorsalmeda-cornella\/wp-json\/wp\/v2\/posts\/1449","targetHints":{"allow":["GET"]}}],"collection":[{"href":"https:\/\/agora.xtec.cat\/ceip-dolorsalmeda-cornella\/wp-json\/wp\/v2\/posts"}],"about":[{"href":"https:\/\/agora.xtec.cat\/ceip-dolorsalmeda-cornella\/wp-json\/wp\/v2\/types\/post"}],"author":[{"embeddable":true,"href":"https:\/\/agora.xtec.cat\/ceip-dolorsalmeda-cornella\/wp-json\/wp\/v2\/users\/1"}],"replies":[{"embeddable":true,"href":"https:\/\/agora.xtec.cat\/ceip-dolorsalmeda-cornella\/wp-json\/wp\/v2\/comments?post=1449"}],"version-history":[{"count":1,"href":"https:\/\/agora.xtec.cat\/ceip-dolorsalmeda-cornella\/wp-json\/wp\/v2\/posts\/1449\/revisions"}],"predecessor-version":[{"id":1452,"href":"https:\/\/agora.xtec.cat\/ceip-dolorsalmeda-cornella\/wp-json\/wp\/v2\/posts\/1449\/revisions\/1452"}],"wp:featuredmedia":[{"embeddable":true,"href":"https:\/\/agora.xtec.cat\/ceip-dolorsalmeda-cornella\/wp-json\/wp\/v2\/media\/1451"}],"wp:attachment":[{"href":"https:\/\/agora.xtec.cat\/ceip-dolorsalmeda-cornella\/wp-json\/wp\/v2\/media?parent=1449"}],"wp:term":[{"taxonomy":"category","embeddable":true,"href":"https:\/\/agora.xtec.cat\/ceip-dolorsalmeda-cornella\/wp-json\/wp\/v2\/categories?post=1449"},{"taxonomy":"post_tag","embeddable":true,"href":"https:\/\/agora.xtec.cat\/ceip-dolorsalmeda-cornella\/wp-json\/wp\/v2\/tags?post=1449"}],"curies":[{"name":"wp","href":"https:\/\/api.w.org\/{rel}","templated":true}]}}