{"id":1436,"date":"2018-10-10T13:06:48","date_gmt":"2018-10-10T11:06:48","guid":{"rendered":"http:\/\/agora.xtec.cat\/ceip-dolorsalmeda-cornella\/?p=1436"},"modified":"2018-10-17T13:24:36","modified_gmt":"2018-10-17T11:24:36","slug":"presentacio-de-lapadrinament-lector-1r-6e","status":"publish","type":"post","link":"https:\/\/agora.xtec.cat\/ceip-dolorsalmeda-cornella\/portada\/presentacio-de-lapadrinament-lector-1r-6e\/","title":{"rendered":"Presentaci\u00f3 de l&#8217;apadrinament lector 1r &#8211; 6\u00e8"},"content":{"rendered":"<p><a href=\"https:\/\/photos.app.goo.gl\/EFrPRrkTLkFA68gy6\"><img loading=\"lazy\" decoding=\"async\" class=\"aligncenter wp-image-1437\" src=\"https:\/\/agora.xtec.cat\/ceip-dolorsalmeda-cornella\/wp-content\/uploads\/usu30\/2018\/10\/Image_10-1024x768.jpg\" alt=\"\" width=\"395\" height=\"296\" srcset=\"https:\/\/agora.xtec.cat\/ceip-dolorsalmeda-cornella\/wp-content\/uploads\/usu30\/2018\/10\/Image_10-1024x768.jpg 1024w, https:\/\/agora.xtec.cat\/ceip-dolorsalmeda-cornella\/wp-content\/uploads\/usu30\/2018\/10\/Image_10-300x225.jpg 300w, https:\/\/agora.xtec.cat\/ceip-dolorsalmeda-cornella\/wp-content\/uploads\/usu30\/2018\/10\/Image_10-768x576.jpg 768w, https:\/\/agora.xtec.cat\/ceip-dolorsalmeda-cornella\/wp-content\/uploads\/usu30\/2018\/10\/Image_10-200x150.jpg 200w\" sizes=\"auto, (max-width: 395px) 100vw, 395px\" \/><\/a><\/p>\n<p style=\"text-align: justify;\">Els passats dies 2 i 9 d&#8217;octubre, les classes de primer i sis\u00e8 van anar a la biblioteca per a la presentaci\u00f3 de l&#8217;apadrinament lector. En aquest acte, la S\u00edlvia va explicar als alumnes l&#8217;objectiu d&#8217;aquesta activitat: els alumnes de sis\u00e8 (padrins i padrines) cada setmana acompanyaran els seus fillols i filloles (alumnes de primer) en el proc\u00e9s d&#8217;aprenentatge de la lectura, llegint-los contes, \u00e0lbums il\u00b7lustrats, aix\u00ed com ajudant-los a llegir cada dia m\u00e9s i millor. (cliqueu\u00a0 la imatge per\u00a0 veure m\u00e9s fotografies).<\/p>\n","protected":false},"excerpt":{"rendered":"<p><a href=\"https:\/\/photos.app.goo.gl\/EFrPRrkTLkFA68gy6\"><\/a><br \/>\nEls passats dies 2 i 9 d&#8217;octubre, les classes de primer i sis\u00e8 van anar a la biblioteca per a la presentaci\u00f3 de l&#8217;apadrinament lector. En aquest acte, la S\u00edlvia va explicar als alumnes l&#8217;objectiu d&#8217;aquesta activitat: els alumnes de sis\u00e8 (padrins i padrines)&hellip;  <a href=\"https:\/\/agora.xtec.cat\/ceip-dolorsalmeda-cornella\/portada\/presentacio-de-lapadrinament-lector-1r-6e\/\" title=\"Read Presentaci\u00f3 de l&#8217;apadrinament lector 1r &#8211; 6\u00e8\">Llegeix m\u00e9s\u00bb<\/a><\/p>\n","protected":false},"author":1,"featured_media":1437,"comment_status":"open","ping_status":"closed","sticky":false,"template":"","format":"standard","meta":{"_bbp_topic_count":0,"_bbp_reply_count":0,"_bbp_total_topic_count":0,"_bbp_total_reply_count":0,"_bbp_voice_count":0,"_bbp_anonymous_reply_count":0,"_bbp_topic_count_hidden":0,"_bbp_reply_count_hidden":0,"_bbp_forum_subforum_count":0,"footnotes":""},"categories":[10,15,4,5],"tags":[71,82],"class_list":["post-1436","post","type-post","status-publish","format-standard","has-post-thumbnail","hentry","category-1r","category-6e","category-portada","category-primaria","tag-apadrinament-lector","tag-lectura"],"post_mailing_queue_ids":[],"_links":{"self":[{"href":"https:\/\/agora.xtec.cat\/ceip-dolorsalmeda-cornella\/wp-json\/wp\/v2\/posts\/1436","targetHints":{"allow":["GET"]}}],"collection":[{"href":"https:\/\/agora.xtec.cat\/ceip-dolorsalmeda-cornella\/wp-json\/wp\/v2\/posts"}],"about":[{"href":"https:\/\/agora.xtec.cat\/ceip-dolorsalmeda-cornella\/wp-json\/wp\/v2\/types\/post"}],"author":[{"embeddable":true,"href":"https:\/\/agora.xtec.cat\/ceip-dolorsalmeda-cornella\/wp-json\/wp\/v2\/users\/1"}],"replies":[{"embeddable":true,"href":"https:\/\/agora.xtec.cat\/ceip-dolorsalmeda-cornella\/wp-json\/wp\/v2\/comments?post=1436"}],"version-history":[{"count":3,"href":"https:\/\/agora.xtec.cat\/ceip-dolorsalmeda-cornella\/wp-json\/wp\/v2\/posts\/1436\/revisions"}],"predecessor-version":[{"id":1443,"href":"https:\/\/agora.xtec.cat\/ceip-dolorsalmeda-cornella\/wp-json\/wp\/v2\/posts\/1436\/revisions\/1443"}],"wp:featuredmedia":[{"embeddable":true,"href":"https:\/\/agora.xtec.cat\/ceip-dolorsalmeda-cornella\/wp-json\/wp\/v2\/media\/1437"}],"wp:attachment":[{"href":"https:\/\/agora.xtec.cat\/ceip-dolorsalmeda-cornella\/wp-json\/wp\/v2\/media?parent=1436"}],"wp:term":[{"taxonomy":"category","embeddable":true,"href":"https:\/\/agora.xtec.cat\/ceip-dolorsalmeda-cornella\/wp-json\/wp\/v2\/categories?post=1436"},{"taxonomy":"post_tag","embeddable":true,"href":"https:\/\/agora.xtec.cat\/ceip-dolorsalmeda-cornella\/wp-json\/wp\/v2\/tags?post=1436"}],"curies":[{"name":"wp","href":"https:\/\/api.w.org\/{rel}","templated":true}]}}