{"id":1410,"date":"2018-09-20T12:14:50","date_gmt":"2018-09-20T10:14:50","guid":{"rendered":"http:\/\/agora.xtec.cat\/ceip-dolorsalmeda-cornella\/?p=1410"},"modified":"2018-09-20T12:18:38","modified_gmt":"2018-09-20T10:18:38","slug":"practiquem-amb-els-mapes-despanya","status":"publish","type":"post","link":"https:\/\/agora.xtec.cat\/ceip-dolorsalmeda-cornella\/primaria\/6e\/practiquem-amb-els-mapes-despanya\/","title":{"rendered":"Practiquem amb els mapes d&#8217;Espanya"},"content":{"rendered":"<h3><span style=\"font-family: georgia, 'times new roman', serif; font-size: medium;\" data-blogger-escaped-style=\"font-family: &quot;georgia&quot; , &quot;times new roman&quot; , serif; font-size: small;\">Atenci\u00f3 alumnes de 6\u00e8!\u00a0<\/span><span style=\"font-family: georgia, 'times new roman', serif; font-size: medium;\" data-blogger-escaped-style=\"font-family: &quot;georgia&quot; , &quot;times new roman&quot; , serif; font-size: small;\">Aqu\u00ed teniu uns quants mapes interactius per practicar sobre les Comunitats Aut\u00f2nomes d&#8217;Espanya, con\u00e8ixer les seves capitals i per situar les prov\u00edncies. Esperem que ho gaudiu!<\/span><\/h3>\n<div><\/div>\n<div>\n<p><span style=\"font-size: large;\" data-blogger-escaped-style=\"font-size: medium;\"><a href=\"http:\/\/serbal.pntic.mec.es\/ealg0027\/espauto1.html\" target=\"_blank\" rel=\"noopener\" data-blogger-escaped-target=\"_blank\">Situar Autonomies<\/a><\/span><\/p>\n<p><span style=\"font-size: large;\" data-blogger-escaped-style=\"font-size: medium;\"><a style=\"font-family: inherit; font-size: 1em; line-height: 1.6;\" href=\"http:\/\/serbal.pntic.mec.es\/ealg0027\/espauto2.html\" target=\"_blank\" rel=\"noopener\" data-blogger-escaped-target=\"_blank\">Com es diu aquesta Comunitat Aut\u00f2noma?<\/a><\/span><\/p>\n<p><span style=\"font-size: large;\" data-blogger-escaped-style=\"font-size: medium;\"><a style=\"font-family: inherit; font-size: 1em; line-height: 1.6;\" href=\"http:\/\/serbal.pntic.mec.es\/ealg0027\/espauto1ecap.html\" target=\"_blank\" rel=\"noopener\" data-blogger-escaped-target=\"_blank\">Capitals de les Comunitats Aut\u00f2nomes<\/a><\/span><\/p>\n<p><a style=\"font-family: inherit; font-size: 1em; line-height: 1.6;\" href=\"http:\/\/serbal.pntic.mec.es\/ealg0027\/esprovin1e.html\" target=\"_blank\" rel=\"noopener\" data-blogger-escaped-target=\"_blank\"><span style=\"font-size: large;\" data-blogger-escaped-style=\"font-size: medium;\">Situar les Prov\u00edncies<\/span><\/a><\/p>\n<\/div>\n<div><\/div>\n<div><\/div>\n<div><\/div>\n<div>Mapes d&#8217;Enrique Alonso<\/div>\n","protected":false},"excerpt":{"rendered":"<p>Atenci\u00f3 alumnes de 6\u00e8!\u00a0Aqu\u00ed teniu uns quants mapes interactius per practicar sobre les Comunitats Aut\u00f2nomes d&#8217;Espanya, con\u00e8ixer les seves capitals i per situar les prov\u00edncies. Esperem que ho gaudiu!<\/p>\n<p><a href=\"http:\/\/serbal.pntic.mec.es\/ealg0027\/espauto1.html\" target=\"_blank\" rel=\"noopener\" data-blogger-escaped-target=\"_blank\">Situar Autonomies<\/a><br \/>\n<a style=\"font-family: inherit; font-size: 1em; line-height: 1.6;\" href=\"http:\/\/serbal.pntic.mec.es\/ealg0027\/espauto2.html\" target=\"_blank\" rel=\"noopener\" data-blogger-escaped-target=\"_blank\">Com es&hellip;  <a href=\"https:\/\/agora.xtec.cat\/ceip-dolorsalmeda-cornella\/primaria\/6e\/practiquem-amb-els-mapes-despanya\/\" title=\"Read Practiquem amb els mapes d&#8217;Espanya\">Llegeix m\u00e9s\u00bb<\/a><\/p>\n","protected":false},"author":3,"featured_media":1411,"comment_status":"open","ping_status":"closed","sticky":false,"template":"","format":"standard","meta":{"_bbp_topic_count":0,"_bbp_reply_count":0,"_bbp_total_topic_count":0,"_bbp_total_reply_count":0,"_bbp_voice_count":0,"_bbp_anonymous_reply_count":0,"_bbp_topic_count_hidden":0,"_bbp_reply_count_hidden":0,"_bbp_forum_subforum_count":0,"footnotes":""},"categories":[15],"tags":[118,148],"class_list":["post-1410","post","type-post","status-publish","format-standard","has-post-thumbnail","hentry","category-6e","tag-6e","tag-mapes"],"post_mailing_queue_ids":[],"_links":{"self":[{"href":"https:\/\/agora.xtec.cat\/ceip-dolorsalmeda-cornella\/wp-json\/wp\/v2\/posts\/1410","targetHints":{"allow":["GET"]}}],"collection":[{"href":"https:\/\/agora.xtec.cat\/ceip-dolorsalmeda-cornella\/wp-json\/wp\/v2\/posts"}],"about":[{"href":"https:\/\/agora.xtec.cat\/ceip-dolorsalmeda-cornella\/wp-json\/wp\/v2\/types\/post"}],"author":[{"embeddable":true,"href":"https:\/\/agora.xtec.cat\/ceip-dolorsalmeda-cornella\/wp-json\/wp\/v2\/users\/3"}],"replies":[{"embeddable":true,"href":"https:\/\/agora.xtec.cat\/ceip-dolorsalmeda-cornella\/wp-json\/wp\/v2\/comments?post=1410"}],"version-history":[{"count":3,"href":"https:\/\/agora.xtec.cat\/ceip-dolorsalmeda-cornella\/wp-json\/wp\/v2\/posts\/1410\/revisions"}],"predecessor-version":[{"id":1414,"href":"https:\/\/agora.xtec.cat\/ceip-dolorsalmeda-cornella\/wp-json\/wp\/v2\/posts\/1410\/revisions\/1414"}],"wp:featuredmedia":[{"embeddable":true,"href":"https:\/\/agora.xtec.cat\/ceip-dolorsalmeda-cornella\/wp-json\/wp\/v2\/media\/1411"}],"wp:attachment":[{"href":"https:\/\/agora.xtec.cat\/ceip-dolorsalmeda-cornella\/wp-json\/wp\/v2\/media?parent=1410"}],"wp:term":[{"taxonomy":"category","embeddable":true,"href":"https:\/\/agora.xtec.cat\/ceip-dolorsalmeda-cornella\/wp-json\/wp\/v2\/categories?post=1410"},{"taxonomy":"post_tag","embeddable":true,"href":"https:\/\/agora.xtec.cat\/ceip-dolorsalmeda-cornella\/wp-json\/wp\/v2\/tags?post=1410"}],"curies":[{"name":"wp","href":"https:\/\/api.w.org\/{rel}","templated":true}]}}