{"id":1371,"date":"2018-06-06T14:55:26","date_gmt":"2018-06-06T12:55:26","guid":{"rendered":"http:\/\/agora.xtec.cat\/ceip-dolorsalmeda-cornella\/?p=1371"},"modified":"2018-06-07T22:47:50","modified_gmt":"2018-06-07T20:47:50","slug":"cicle-superior-cala-montjoi-dimecres-mati","status":"publish","type":"post","link":"https:\/\/agora.xtec.cat\/ceip-dolorsalmeda-cornella\/general\/cicle-superior-cala-montjoi-dimecres-mati\/","title":{"rendered":"Cicle Superior Cala Montjoi dimecres mat\u00ed"},"content":{"rendered":"<p><a href=\"http:\/\/agora.xtec.cat\/ceip-dolorsalmeda-cornella\/wp-content\/uploads\/usu30\/2018\/06\/Image_09.jpg\"><img loading=\"lazy\" decoding=\"async\" class=\"alignnone  wp-image-1377 alignleft\" src=\"http:\/\/agora.xtec.cat\/ceip-dolorsalmeda-cornella\/wp-content\/uploads\/usu30\/2018\/06\/Image_09-1024x768.jpg\" alt=\"\" width=\"319\" height=\"239\" srcset=\"https:\/\/agora.xtec.cat\/ceip-dolorsalmeda-cornella\/wp-content\/uploads\/usu30\/2018\/06\/Image_09-1024x768.jpg 1024w, https:\/\/agora.xtec.cat\/ceip-dolorsalmeda-cornella\/wp-content\/uploads\/usu30\/2018\/06\/Image_09-300x225.jpg 300w, https:\/\/agora.xtec.cat\/ceip-dolorsalmeda-cornella\/wp-content\/uploads\/usu30\/2018\/06\/Image_09-768x576.jpg 768w, https:\/\/agora.xtec.cat\/ceip-dolorsalmeda-cornella\/wp-content\/uploads\/usu30\/2018\/06\/Image_09-200x150.jpg 200w\" sizes=\"auto, (max-width: 319px) 100vw, 319px\" \/><\/a><\/p>\n<p>&nbsp;<\/p>\n<p>&nbsp;<\/p>\n<p>&nbsp;<\/p>\n<p>&nbsp;<\/p>\n<p>&nbsp;<\/p>\n<p>&nbsp;<\/p>\n<p>Ja s&#8217;ha acabat. Ha estat una gran experi\u00e8ncia, per\u00f2 tamb\u00e9 volem\u00a0 tornar a casa i descansar.<\/p>\n<p>Avui hem fet malabars, nusos i una gimcana d&#8217;orientaci\u00f3. Ens queden els records i les <a href=\"https:\/\/photos.app.goo.gl\/7IHL1vLCIIahYW1y1\">Fotos<\/a><\/p>\n","protected":false},"excerpt":{"rendered":"<p><a href=\"http:\/\/agora.xtec.cat\/ceip-dolorsalmeda-cornella\/wp-content\/uploads\/usu30\/2018\/06\/Image_09.jpg\"><\/a><br \/>\n&nbsp;<br \/>\n&nbsp;<br \/>\n&nbsp;<br \/>\n&nbsp;<br \/>\n&nbsp;<br \/>\n&nbsp;<br \/>\nJa s&#8217;ha acabat. Ha estat una gran experi\u00e8ncia, per\u00f2 tamb\u00e9 volem\u00a0 tornar a casa i descansar.<br \/>\nAvui hem fet malabars, nusos i una gimcana d&#8217;orientaci\u00f3. Ens queden els records i les <a href=\"https:\/\/photos.app.goo.gl\/7IHL1vLCIIahYW1y1\">Fotos<\/a><\/p>\n","protected":false},"author":8,"featured_media":1377,"comment_status":"open","ping_status":"closed","sticky":false,"template":"","format":"standard","meta":{"_bbp_topic_count":0,"_bbp_reply_count":0,"_bbp_total_topic_count":0,"_bbp_total_reply_count":0,"_bbp_voice_count":0,"_bbp_anonymous_reply_count":0,"_bbp_topic_count_hidden":0,"_bbp_reply_count_hidden":0,"_bbp_forum_subforum_count":0,"footnotes":""},"categories":[15,1,4,5],"tags":[],"class_list":["post-1371","post","type-post","status-publish","format-standard","has-post-thumbnail","hentry","category-6e","category-general","category-portada","category-primaria"],"post_mailing_queue_ids":[],"_links":{"self":[{"href":"https:\/\/agora.xtec.cat\/ceip-dolorsalmeda-cornella\/wp-json\/wp\/v2\/posts\/1371","targetHints":{"allow":["GET"]}}],"collection":[{"href":"https:\/\/agora.xtec.cat\/ceip-dolorsalmeda-cornella\/wp-json\/wp\/v2\/posts"}],"about":[{"href":"https:\/\/agora.xtec.cat\/ceip-dolorsalmeda-cornella\/wp-json\/wp\/v2\/types\/post"}],"author":[{"embeddable":true,"href":"https:\/\/agora.xtec.cat\/ceip-dolorsalmeda-cornella\/wp-json\/wp\/v2\/users\/8"}],"replies":[{"embeddable":true,"href":"https:\/\/agora.xtec.cat\/ceip-dolorsalmeda-cornella\/wp-json\/wp\/v2\/comments?post=1371"}],"version-history":[{"count":3,"href":"https:\/\/agora.xtec.cat\/ceip-dolorsalmeda-cornella\/wp-json\/wp\/v2\/posts\/1371\/revisions"}],"predecessor-version":[{"id":1378,"href":"https:\/\/agora.xtec.cat\/ceip-dolorsalmeda-cornella\/wp-json\/wp\/v2\/posts\/1371\/revisions\/1378"}],"wp:featuredmedia":[{"embeddable":true,"href":"https:\/\/agora.xtec.cat\/ceip-dolorsalmeda-cornella\/wp-json\/wp\/v2\/media\/1377"}],"wp:attachment":[{"href":"https:\/\/agora.xtec.cat\/ceip-dolorsalmeda-cornella\/wp-json\/wp\/v2\/media?parent=1371"}],"wp:term":[{"taxonomy":"category","embeddable":true,"href":"https:\/\/agora.xtec.cat\/ceip-dolorsalmeda-cornella\/wp-json\/wp\/v2\/categories?post=1371"},{"taxonomy":"post_tag","embeddable":true,"href":"https:\/\/agora.xtec.cat\/ceip-dolorsalmeda-cornella\/wp-json\/wp\/v2\/tags?post=1371"}],"curies":[{"name":"wp","href":"https:\/\/api.w.org\/{rel}","templated":true}]}}