{"id":1311,"date":"2018-06-05T12:33:01","date_gmt":"2018-06-05T10:33:01","guid":{"rendered":"http:\/\/agora.xtec.cat\/ceip-dolorsalmeda-cornella\/?p=1311"},"modified":"2018-06-05T12:33:01","modified_gmt":"2018-06-05T10:33:01","slug":"residencia-blau-almeda","status":"publish","type":"post","link":"https:\/\/agora.xtec.cat\/ceip-dolorsalmeda-cornella\/general\/residencia-blau-almeda\/","title":{"rendered":"Resid\u00e8ncia Blau Almeda"},"content":{"rendered":"<p><a href=\"http:\/\/agora.xtec.cat\/ceip-dolorsalmeda-cornella\/wp-content\/uploads\/usu30\/2018\/06\/BLAU-ALMEDA.jpg\"><img loading=\"lazy\" decoding=\"async\" class=\" wp-image-1312\" src=\"http:\/\/agora.xtec.cat\/ceip-dolorsalmeda-cornella\/wp-content\/uploads\/usu30\/2018\/06\/BLAU-ALMEDA-1024x768.jpg\" alt=\"\" width=\"366\" height=\"275\" srcset=\"https:\/\/agora.xtec.cat\/ceip-dolorsalmeda-cornella\/wp-content\/uploads\/usu30\/2018\/06\/BLAU-ALMEDA-1024x768.jpg 1024w, https:\/\/agora.xtec.cat\/ceip-dolorsalmeda-cornella\/wp-content\/uploads\/usu30\/2018\/06\/BLAU-ALMEDA-300x225.jpg 300w, https:\/\/agora.xtec.cat\/ceip-dolorsalmeda-cornella\/wp-content\/uploads\/usu30\/2018\/06\/BLAU-ALMEDA-768x576.jpg 768w, https:\/\/agora.xtec.cat\/ceip-dolorsalmeda-cornella\/wp-content\/uploads\/usu30\/2018\/06\/BLAU-ALMEDA-200x150.jpg 200w, https:\/\/agora.xtec.cat\/ceip-dolorsalmeda-cornella\/wp-content\/uploads\/usu30\/2018\/06\/BLAU-ALMEDA.jpg 1280w\" sizes=\"auto, (max-width: 366px) 100vw, 366px\" \/><\/a><\/p>\n<p>Aquest mes de maig els infants de P5\u00a0han visitat la Resid\u00e8ncia\u00a0Blau Almeda. All\u00e0, despr\u00e9s de veure l\u2019hort del que es feia c\u00e0rrec la gent gran, van recollir un bon cistell de plantes arom\u00e0tiques: roman\u00ed, esp\u00edgol, menta, farigola&#8230; Un cop acabat, els van donar unes bosses de tela que els havien preparat ells mateixos i els van ajudar a fer bosses d\u2019olor per emportar-se a casa. Quina experi\u00e8ncia m\u00e9s bonica!<\/p>\n<p><a href=\"https:\/\/photos.app.goo.gl\/TWMx7qE1wMFiuG2fA\" target=\"_blank\" rel=\"noopener noreferrer\">FOTOS P5A<\/a><\/p>\n<p><a href=\"https:\/\/photos.app.goo.gl\/AOK5naOtd0xPGMzl1\" target=\"_blank\" rel=\"noopener noreferrer\">FOTOS P5B<\/a><\/p>\n","protected":false},"excerpt":{"rendered":"<p><a href=\"http:\/\/agora.xtec.cat\/ceip-dolorsalmeda-cornella\/wp-content\/uploads\/usu30\/2018\/06\/BLAU-ALMEDA.jpg\"><\/a><br \/>\nAquest mes de maig els infants de P5\u00a0han visitat la Resid\u00e8ncia\u00a0Blau Almeda. All\u00e0, despr\u00e9s de veure l\u2019hort del que es feia c\u00e0rrec la gent gran, van recollir un bon cistell de plantes arom\u00e0tiques: roman\u00ed, esp\u00edgol, menta, farigola&#8230; Un cop acabat, els van donar unes&hellip;  <a href=\"https:\/\/agora.xtec.cat\/ceip-dolorsalmeda-cornella\/general\/residencia-blau-almeda\/\" title=\"Read Resid\u00e8ncia Blau Almeda\">Llegeix m\u00e9s\u00bb<\/a><\/p>\n","protected":false},"author":1,"featured_media":1312,"comment_status":"open","ping_status":"closed","sticky":false,"template":"","format":"standard","meta":{"_bbp_topic_count":0,"_bbp_reply_count":0,"_bbp_total_topic_count":0,"_bbp_total_reply_count":0,"_bbp_voice_count":0,"_bbp_anonymous_reply_count":0,"_bbp_topic_count_hidden":0,"_bbp_reply_count_hidden":0,"_bbp_forum_subforum_count":0,"footnotes":""},"categories":[1,9,2,4],"tags":[16],"class_list":["post-1311","post","type-post","status-publish","format-standard","has-post-thumbnail","hentry","category-general","category-i5","category-infantil","category-portada","tag-sortides"],"post_mailing_queue_ids":[],"_links":{"self":[{"href":"https:\/\/agora.xtec.cat\/ceip-dolorsalmeda-cornella\/wp-json\/wp\/v2\/posts\/1311","targetHints":{"allow":["GET"]}}],"collection":[{"href":"https:\/\/agora.xtec.cat\/ceip-dolorsalmeda-cornella\/wp-json\/wp\/v2\/posts"}],"about":[{"href":"https:\/\/agora.xtec.cat\/ceip-dolorsalmeda-cornella\/wp-json\/wp\/v2\/types\/post"}],"author":[{"embeddable":true,"href":"https:\/\/agora.xtec.cat\/ceip-dolorsalmeda-cornella\/wp-json\/wp\/v2\/users\/1"}],"replies":[{"embeddable":true,"href":"https:\/\/agora.xtec.cat\/ceip-dolorsalmeda-cornella\/wp-json\/wp\/v2\/comments?post=1311"}],"version-history":[{"count":2,"href":"https:\/\/agora.xtec.cat\/ceip-dolorsalmeda-cornella\/wp-json\/wp\/v2\/posts\/1311\/revisions"}],"predecessor-version":[{"id":1327,"href":"https:\/\/agora.xtec.cat\/ceip-dolorsalmeda-cornella\/wp-json\/wp\/v2\/posts\/1311\/revisions\/1327"}],"wp:featuredmedia":[{"embeddable":true,"href":"https:\/\/agora.xtec.cat\/ceip-dolorsalmeda-cornella\/wp-json\/wp\/v2\/media\/1312"}],"wp:attachment":[{"href":"https:\/\/agora.xtec.cat\/ceip-dolorsalmeda-cornella\/wp-json\/wp\/v2\/media?parent=1311"}],"wp:term":[{"taxonomy":"category","embeddable":true,"href":"https:\/\/agora.xtec.cat\/ceip-dolorsalmeda-cornella\/wp-json\/wp\/v2\/categories?post=1311"},{"taxonomy":"post_tag","embeddable":true,"href":"https:\/\/agora.xtec.cat\/ceip-dolorsalmeda-cornella\/wp-json\/wp\/v2\/tags?post=1311"}],"curies":[{"name":"wp","href":"https:\/\/api.w.org\/{rel}","templated":true}]}}