{"id":13,"date":"2017-10-25T11:49:40","date_gmt":"2017-10-25T09:49:40","guid":{"rendered":"http:\/\/agora.xtec.cat\/ceip-dolorsalmeda-cornella\/?p=13"},"modified":"2017-12-19T22:51:28","modified_gmt":"2017-12-19T21:51:28","slug":"noticia","status":"publish","type":"post","link":"https:\/\/agora.xtec.cat\/ceip-dolorsalmeda-cornella\/portada\/noticia\/","title":{"rendered":"Sortida a les mines de Gav\u00e0"},"content":{"rendered":"<p><a href=\"http:\/\/agora.xtec.cat\/ceip-dolorsalmeda-cornella\/wp-content\/uploads\/usu30\/2014\/09\/MINES-GAVA.jpg\"><img loading=\"lazy\" decoding=\"async\" class=\"wp-image-556 aligncenter\" src=\"http:\/\/agora.xtec.cat\/ceip-dolorsalmeda-cornella\/wp-content\/uploads\/usu30\/2014\/09\/MINES-GAVA.jpg\" alt=\"\" width=\"395\" height=\"296\" srcset=\"https:\/\/agora.xtec.cat\/ceip-dolorsalmeda-cornella\/wp-content\/uploads\/usu30\/2014\/09\/MINES-GAVA.jpg 640w, https:\/\/agora.xtec.cat\/ceip-dolorsalmeda-cornella\/wp-content\/uploads\/usu30\/2014\/09\/MINES-GAVA-300x225.jpg 300w, https:\/\/agora.xtec.cat\/ceip-dolorsalmeda-cornella\/wp-content\/uploads\/usu30\/2014\/09\/MINES-GAVA-200x150.jpg 200w\" sizes=\"auto, (max-width: 395px) 100vw, 395px\" \/><\/a><\/p>\n<p>Sis\u00e8, com a complement del treball sobre la prehist\u00f2ria, hem realitzat una visita a les mines de Gav\u00e0 on ens han explicat com era la vida fa 6000 anys. Hem passejat per les mines i despr\u00e9s hem creat un penjoll utilitzen les t\u00e8cniques antigues. Finalment hem anat a un parc proper on ens ho hem passat molt b\u00e9 jugant.<\/p>\n","protected":false},"excerpt":{"rendered":"<p><a href=\"http:\/\/agora.xtec.cat\/ceip-dolorsalmeda-cornella\/wp-content\/uploads\/usu30\/2014\/09\/MINES-GAVA.jpg\"><\/a><br \/>\nSis\u00e8, com a complement del treball sobre la prehist\u00f2ria, hem realitzat una visita a les mines de Gav\u00e0 on ens han explicat com era la vida fa 6000 anys. Hem passejat per les mines i despr\u00e9s hem creat un penjoll utilitzen les t\u00e8cniques antigues.&hellip;  <a href=\"https:\/\/agora.xtec.cat\/ceip-dolorsalmeda-cornella\/portada\/noticia\/\" title=\"Read Sortida a les mines de Gav\u00e0\">Llegeix m\u00e9s\u00bb<\/a><\/p>\n","protected":false},"author":1,"featured_media":0,"comment_status":"open","ping_status":"closed","sticky":false,"template":"","format":"standard","meta":{"_bbp_topic_count":0,"_bbp_reply_count":0,"_bbp_total_topic_count":0,"_bbp_total_reply_count":0,"_bbp_voice_count":0,"_bbp_anonymous_reply_count":0,"_bbp_topic_count_hidden":0,"_bbp_reply_count_hidden":0,"_bbp_forum_subforum_count":0,"footnotes":""},"categories":[14,4],"tags":[66,16],"class_list":["post-13","post","type-post","status-publish","format-standard","hentry","category-5e","category-portada","tag-5e","tag-sortides"],"post_mailing_queue_ids":[],"_links":{"self":[{"href":"https:\/\/agora.xtec.cat\/ceip-dolorsalmeda-cornella\/wp-json\/wp\/v2\/posts\/13","targetHints":{"allow":["GET"]}}],"collection":[{"href":"https:\/\/agora.xtec.cat\/ceip-dolorsalmeda-cornella\/wp-json\/wp\/v2\/posts"}],"about":[{"href":"https:\/\/agora.xtec.cat\/ceip-dolorsalmeda-cornella\/wp-json\/wp\/v2\/types\/post"}],"author":[{"embeddable":true,"href":"https:\/\/agora.xtec.cat\/ceip-dolorsalmeda-cornella\/wp-json\/wp\/v2\/users\/1"}],"replies":[{"embeddable":true,"href":"https:\/\/agora.xtec.cat\/ceip-dolorsalmeda-cornella\/wp-json\/wp\/v2\/comments?post=13"}],"version-history":[{"count":3,"href":"https:\/\/agora.xtec.cat\/ceip-dolorsalmeda-cornella\/wp-json\/wp\/v2\/posts\/13\/revisions"}],"predecessor-version":[{"id":779,"href":"https:\/\/agora.xtec.cat\/ceip-dolorsalmeda-cornella\/wp-json\/wp\/v2\/posts\/13\/revisions\/779"}],"wp:attachment":[{"href":"https:\/\/agora.xtec.cat\/ceip-dolorsalmeda-cornella\/wp-json\/wp\/v2\/media?parent=13"}],"wp:term":[{"taxonomy":"category","embeddable":true,"href":"https:\/\/agora.xtec.cat\/ceip-dolorsalmeda-cornella\/wp-json\/wp\/v2\/categories?post=13"},{"taxonomy":"post_tag","embeddable":true,"href":"https:\/\/agora.xtec.cat\/ceip-dolorsalmeda-cornella\/wp-json\/wp\/v2\/tags?post=13"}],"curies":[{"name":"wp","href":"https:\/\/api.w.org\/{rel}","templated":true}]}}