{"id":1292,"date":"2018-05-24T19:34:30","date_gmt":"2018-05-24T17:34:30","guid":{"rendered":"http:\/\/agora.xtec.cat\/ceip-dolorsalmeda-cornella\/?p=1292"},"modified":"2018-05-24T19:34:30","modified_gmt":"2018-05-24T17:34:30","slug":"2n-dia-a-la-marinada","status":"publish","type":"post","link":"https:\/\/agora.xtec.cat\/ceip-dolorsalmeda-cornella\/general\/2n-dia-a-la-marinada\/","title":{"rendered":"2n dia a la Marinada"},"content":{"rendered":"<p>&nbsp;<\/p>\n<p><a href=\"http:\/\/agora.xtec.cat\/ceip-dolorsalmeda-cornella\/wp-content\/uploads\/usu30\/2018\/05\/Image_1.jpg\"><img loading=\"lazy\" decoding=\"async\" class=\"wp-image-1293 aligncenter\" src=\"http:\/\/agora.xtec.cat\/ceip-dolorsalmeda-cornella\/wp-content\/uploads\/usu30\/2018\/05\/Image_1-1024x768.jpg\" alt=\"\" width=\"348\" height=\"261\" srcset=\"https:\/\/agora.xtec.cat\/ceip-dolorsalmeda-cornella\/wp-content\/uploads\/usu30\/2018\/05\/Image_1-1024x768.jpg 1024w, https:\/\/agora.xtec.cat\/ceip-dolorsalmeda-cornella\/wp-content\/uploads\/usu30\/2018\/05\/Image_1-300x225.jpg 300w, https:\/\/agora.xtec.cat\/ceip-dolorsalmeda-cornella\/wp-content\/uploads\/usu30\/2018\/05\/Image_1-768x576.jpg 768w, https:\/\/agora.xtec.cat\/ceip-dolorsalmeda-cornella\/wp-content\/uploads\/usu30\/2018\/05\/Image_1-200x150.jpg 200w\" sizes=\"auto, (max-width: 348px) 100vw, 348px\" \/><\/a><\/p>\n<p>De bon mat\u00ed, i despr\u00e9s d&#8217;un bon esmorzar, els infants de P5 hem anat a descobrir el port de Cambrils. Hem fet una volta amb un catamar\u00e0 gaudint de la brisa d&#8217;alta mar, hem visitat el port per descobrir els fars, els espigons, els tipus de vaixells&#8230; i despr\u00e9s hem visitat una peixateria i un viver. A la tarda, hem gaudit de l&#8217;activitat de &#8220;Crancs i garotes&#8221;, on hem descobert els diferents elements de la platja, fent una recerca de restes marines a la sorra i d&#8217;animals a les roques. Hem trobat una pila de crancs!<\/p>\n<p>Els alumnes de segon, al mat\u00ed, han gaudit d&#8217;aquesta mateixa activitat, i despr\u00e9s de trobar molts crancs, han acabat remullats a les roques. A la tarda, s&#8217;han despla\u00e7at a Jumpland i s&#8217;ho han passat pipa en un circuit de tirolines i ponts fegants de diferents dificultats.<\/p>\n<p><a href=\"https:\/\/photos.app.goo.gl\/HsxHn0yD0JhGfYp82\" target=\"_blank\" rel=\"noopener noreferrer\">FOTOS P5<\/a><\/p>\n<p><a href=\"https:\/\/photos.app.goo.gl\/g8AoqOewQ4iw6uhl2\" target=\"_blank\" rel=\"noopener noreferrer\">FOTOS 2n<\/a><\/p>\n","protected":false},"excerpt":{"rendered":"<p>&nbsp;<br \/>\n<a href=\"http:\/\/agora.xtec.cat\/ceip-dolorsalmeda-cornella\/wp-content\/uploads\/usu30\/2018\/05\/Image_1.jpg\"><\/a><br \/>\nDe bon mat\u00ed, i despr\u00e9s d&#8217;un bon esmorzar, els infants de P5 hem anat a descobrir el port de Cambrils. Hem fet una volta amb un catamar\u00e0 gaudint de la brisa d&#8217;alta mar, hem visitat el port per descobrir els fars, els espigons, els&hellip;  <a href=\"https:\/\/agora.xtec.cat\/ceip-dolorsalmeda-cornella\/general\/2n-dia-a-la-marinada\/\" title=\"Read 2n dia a la Marinada\">Llegeix m\u00e9s\u00bb<\/a><\/p>\n","protected":false},"author":1,"featured_media":1293,"comment_status":"open","ping_status":"closed","sticky":false,"template":"","format":"standard","meta":{"_bbp_topic_count":0,"_bbp_reply_count":0,"_bbp_total_topic_count":0,"_bbp_total_reply_count":0,"_bbp_voice_count":0,"_bbp_anonymous_reply_count":0,"_bbp_topic_count_hidden":0,"_bbp_reply_count_hidden":0,"_bbp_forum_subforum_count":0,"footnotes":""},"categories":[11,1,9,2,4,5],"tags":[141],"class_list":["post-1292","post","type-post","status-publish","format-standard","has-post-thumbnail","hentry","category-2n","category-general","category-i5","category-infantil","category-portada","category-primaria","tag-colonies"],"post_mailing_queue_ids":[],"_links":{"self":[{"href":"https:\/\/agora.xtec.cat\/ceip-dolorsalmeda-cornella\/wp-json\/wp\/v2\/posts\/1292","targetHints":{"allow":["GET"]}}],"collection":[{"href":"https:\/\/agora.xtec.cat\/ceip-dolorsalmeda-cornella\/wp-json\/wp\/v2\/posts"}],"about":[{"href":"https:\/\/agora.xtec.cat\/ceip-dolorsalmeda-cornella\/wp-json\/wp\/v2\/types\/post"}],"author":[{"embeddable":true,"href":"https:\/\/agora.xtec.cat\/ceip-dolorsalmeda-cornella\/wp-json\/wp\/v2\/users\/1"}],"replies":[{"embeddable":true,"href":"https:\/\/agora.xtec.cat\/ceip-dolorsalmeda-cornella\/wp-json\/wp\/v2\/comments?post=1292"}],"version-history":[{"count":1,"href":"https:\/\/agora.xtec.cat\/ceip-dolorsalmeda-cornella\/wp-json\/wp\/v2\/posts\/1292\/revisions"}],"predecessor-version":[{"id":1294,"href":"https:\/\/agora.xtec.cat\/ceip-dolorsalmeda-cornella\/wp-json\/wp\/v2\/posts\/1292\/revisions\/1294"}],"wp:featuredmedia":[{"embeddable":true,"href":"https:\/\/agora.xtec.cat\/ceip-dolorsalmeda-cornella\/wp-json\/wp\/v2\/media\/1293"}],"wp:attachment":[{"href":"https:\/\/agora.xtec.cat\/ceip-dolorsalmeda-cornella\/wp-json\/wp\/v2\/media?parent=1292"}],"wp:term":[{"taxonomy":"category","embeddable":true,"href":"https:\/\/agora.xtec.cat\/ceip-dolorsalmeda-cornella\/wp-json\/wp\/v2\/categories?post=1292"},{"taxonomy":"post_tag","embeddable":true,"href":"https:\/\/agora.xtec.cat\/ceip-dolorsalmeda-cornella\/wp-json\/wp\/v2\/tags?post=1292"}],"curies":[{"name":"wp","href":"https:\/\/api.w.org\/{rel}","templated":true}]}}