{"id":1271,"date":"2018-05-23T20:16:26","date_gmt":"2018-05-23T18:16:26","guid":{"rendered":"http:\/\/agora.xtec.cat\/ceip-dolorsalmeda-cornella\/?p=1271"},"modified":"2018-05-23T20:17:53","modified_gmt":"2018-05-23T18:17:53","slug":"la-marinada-primer-dia-a-la-tarda","status":"publish","type":"post","link":"https:\/\/agora.xtec.cat\/ceip-dolorsalmeda-cornella\/general\/la-marinada-primer-dia-a-la-tarda\/","title":{"rendered":"LA MARINADA &#8211; Primer dia a la tarda"},"content":{"rendered":"<p><a href=\"http:\/\/agora.xtec.cat\/ceip-dolorsalmeda-cornella\/wp-content\/uploads\/usu30\/2018\/05\/Image_053.jpg\"><img loading=\"lazy\" decoding=\"async\" class=\"wp-image-1272 aligncenter\" src=\"http:\/\/agora.xtec.cat\/ceip-dolorsalmeda-cornella\/wp-content\/uploads\/usu30\/2018\/05\/Image_053-1024x768.jpg\" alt=\"\" width=\"279\" height=\"209\" srcset=\"https:\/\/agora.xtec.cat\/ceip-dolorsalmeda-cornella\/wp-content\/uploads\/usu30\/2018\/05\/Image_053-1024x768.jpg 1024w, https:\/\/agora.xtec.cat\/ceip-dolorsalmeda-cornella\/wp-content\/uploads\/usu30\/2018\/05\/Image_053-300x225.jpg 300w, https:\/\/agora.xtec.cat\/ceip-dolorsalmeda-cornella\/wp-content\/uploads\/usu30\/2018\/05\/Image_053-768x576.jpg 768w, https:\/\/agora.xtec.cat\/ceip-dolorsalmeda-cornella\/wp-content\/uploads\/usu30\/2018\/05\/Image_053-200x150.jpg 200w\" sizes=\"auto, (max-width: 279px) 100vw, 279px\" \/><\/a><\/p>\n<p>Despr\u00e9s d&#8217;un bon \u00e0pat, els infants de P5 han anat a la platja a l&#8217;escola de pirates, on han participat d&#8217;una gimcana per aprendre a ser pirates. Asseguts a la sorra, els monitors els han explicat la hist\u00f2ria del pirata Potacrec, i a partir d&#8217;aqu\u00ed, caracteritzats per l&#8217;ocasi\u00f3, han fet diferents proves per arribar a ser bons pirates i trobar el tresor.<\/p>\n<p>Per altra banda, els infants de segon han anat a un altre sector de la platja per aprendre a construir castells i figures a la sorra. Han descobert la t\u00e8cnica i despr\u00e9s per petits grups, han fet la seva pr\u00f2pia construcci\u00f3.<\/p>\n<p>De tornada, han tingut una estona d&#8217;esbarjo per jugar i gaudir del pati de la casa de col\u00f2nies.<\/p>\n<p><a href=\"https:\/\/photos.app.goo.gl\/P789mhxAKR2RYOZu1\" target=\"_blank\" rel=\"noopener noreferrer\">FOTOS P5<\/a><\/p>\n<p><a href=\"https:\/\/photos.app.goo.gl\/aqmE8Nf3XJf9m3WF3\" target=\"_blank\" rel=\"noopener noreferrer\">FOTOS SEGON<\/a><\/p>\n","protected":false},"excerpt":{"rendered":"<p><a href=\"http:\/\/agora.xtec.cat\/ceip-dolorsalmeda-cornella\/wp-content\/uploads\/usu30\/2018\/05\/Image_053.jpg\"><\/a><br \/>\nDespr\u00e9s d&#8217;un bon \u00e0pat, els infants de P5 han anat a la platja a l&#8217;escola de pirates, on han participat d&#8217;una gimcana per aprendre a ser pirates. Asseguts a la sorra, els monitors els han explicat la hist\u00f2ria del pirata Potacrec, i a partir&hellip;  <a href=\"https:\/\/agora.xtec.cat\/ceip-dolorsalmeda-cornella\/general\/la-marinada-primer-dia-a-la-tarda\/\" title=\"Read LA MARINADA &#8211; Primer dia a la tarda\">Llegeix m\u00e9s\u00bb<\/a><\/p>\n","protected":false},"author":1,"featured_media":1272,"comment_status":"open","ping_status":"closed","sticky":false,"template":"","format":"standard","meta":{"_bbp_topic_count":0,"_bbp_reply_count":0,"_bbp_total_topic_count":0,"_bbp_total_reply_count":0,"_bbp_voice_count":0,"_bbp_anonymous_reply_count":0,"_bbp_topic_count_hidden":0,"_bbp_reply_count_hidden":0,"_bbp_forum_subforum_count":0,"footnotes":""},"categories":[11,1,9,2,4,5],"tags":[141],"class_list":["post-1271","post","type-post","status-publish","format-standard","has-post-thumbnail","hentry","category-2n","category-general","category-i5","category-infantil","category-portada","category-primaria","tag-colonies"],"post_mailing_queue_ids":[],"_links":{"self":[{"href":"https:\/\/agora.xtec.cat\/ceip-dolorsalmeda-cornella\/wp-json\/wp\/v2\/posts\/1271","targetHints":{"allow":["GET"]}}],"collection":[{"href":"https:\/\/agora.xtec.cat\/ceip-dolorsalmeda-cornella\/wp-json\/wp\/v2\/posts"}],"about":[{"href":"https:\/\/agora.xtec.cat\/ceip-dolorsalmeda-cornella\/wp-json\/wp\/v2\/types\/post"}],"author":[{"embeddable":true,"href":"https:\/\/agora.xtec.cat\/ceip-dolorsalmeda-cornella\/wp-json\/wp\/v2\/users\/1"}],"replies":[{"embeddable":true,"href":"https:\/\/agora.xtec.cat\/ceip-dolorsalmeda-cornella\/wp-json\/wp\/v2\/comments?post=1271"}],"version-history":[{"count":1,"href":"https:\/\/agora.xtec.cat\/ceip-dolorsalmeda-cornella\/wp-json\/wp\/v2\/posts\/1271\/revisions"}],"predecessor-version":[{"id":1273,"href":"https:\/\/agora.xtec.cat\/ceip-dolorsalmeda-cornella\/wp-json\/wp\/v2\/posts\/1271\/revisions\/1273"}],"wp:featuredmedia":[{"embeddable":true,"href":"https:\/\/agora.xtec.cat\/ceip-dolorsalmeda-cornella\/wp-json\/wp\/v2\/media\/1272"}],"wp:attachment":[{"href":"https:\/\/agora.xtec.cat\/ceip-dolorsalmeda-cornella\/wp-json\/wp\/v2\/media?parent=1271"}],"wp:term":[{"taxonomy":"category","embeddable":true,"href":"https:\/\/agora.xtec.cat\/ceip-dolorsalmeda-cornella\/wp-json\/wp\/v2\/categories?post=1271"},{"taxonomy":"post_tag","embeddable":true,"href":"https:\/\/agora.xtec.cat\/ceip-dolorsalmeda-cornella\/wp-json\/wp\/v2\/tags?post=1271"}],"curies":[{"name":"wp","href":"https:\/\/api.w.org\/{rel}","templated":true}]}}