{"id":1267,"date":"2018-05-23T14:11:56","date_gmt":"2018-05-23T12:11:56","guid":{"rendered":"http:\/\/agora.xtec.cat\/ceip-dolorsalmeda-cornella\/?p=1267"},"modified":"2018-05-23T19:55:22","modified_gmt":"2018-05-23T17:55:22","slug":"ja-estem-instal%c2%b7lats","status":"publish","type":"post","link":"https:\/\/agora.xtec.cat\/ceip-dolorsalmeda-cornella\/general\/ja-estem-instal%c2%b7lats\/","title":{"rendered":"Ja estem instal\u00b7lats!"},"content":{"rendered":"<p>&nbsp;<\/p>\n<p><a href=\"http:\/\/agora.xtec.cat\/ceip-dolorsalmeda-cornella\/wp-content\/uploads\/usu30\/2018\/05\/Image_17.jpg\"><img loading=\"lazy\" decoding=\"async\" class=\"wp-image-1268 aligncenter\" src=\"http:\/\/agora.xtec.cat\/ceip-dolorsalmeda-cornella\/wp-content\/uploads\/usu30\/2018\/05\/Image_17-1024x683.jpg\" alt=\"\" width=\"306\" height=\"204\" srcset=\"https:\/\/agora.xtec.cat\/ceip-dolorsalmeda-cornella\/wp-content\/uploads\/usu30\/2018\/05\/Image_17-1024x683.jpg 1024w, https:\/\/agora.xtec.cat\/ceip-dolorsalmeda-cornella\/wp-content\/uploads\/usu30\/2018\/05\/Image_17-300x200.jpg 300w, https:\/\/agora.xtec.cat\/ceip-dolorsalmeda-cornella\/wp-content\/uploads\/usu30\/2018\/05\/Image_17-768x512.jpg 768w\" sizes=\"auto, (max-width: 306px) 100vw, 306px\" \/><\/a>Despr\u00e9s d&#8217;esmorzar, els alumnes de P5 i segon han estat amb els monitors i monitores visitant la casa i descobrint els diferents espais i normes d&#8217;\u00fas de la casa de col\u00f2nies La Marinada. Despr\u00e9s,\u00a0ens hem instal\u00b7lat en les diferents habitacions, col\u00b7locant els sacs de dormir, els pijames, i les\u00a0nostres pertinences en els armaris. Ja estem preparats per viure noves aventures!4<\/p>\n<p><a href=\"https:\/\/photos.app.goo.gl\/EL22ZD3AY9lqJx9m2\" target=\"_blank\" rel=\"noopener noreferrer\">FOTOS P5<\/a><\/p>\n<p><a href=\"https:\/\/photos.app.goo.gl\/AQyha05ahhAGdl8K2\" target=\"_blank\" rel=\"noopener noreferrer\">FOTOS SEGON<\/a><\/p>\n","protected":false},"excerpt":{"rendered":"<p>&nbsp;<br \/>\n<a href=\"http:\/\/agora.xtec.cat\/ceip-dolorsalmeda-cornella\/wp-content\/uploads\/usu30\/2018\/05\/Image_17.jpg\"><\/a>Despr\u00e9s d&#8217;esmorzar, els alumnes de P5 i segon han estat amb els monitors i monitores visitant la casa i descobrint els diferents espais i normes d&#8217;\u00fas de la casa de col\u00f2nies La Marinada. Despr\u00e9s,\u00a0ens hem instal\u00b7lat en les diferents habitacions, col\u00b7locant els sacs de&hellip;  <a href=\"https:\/\/agora.xtec.cat\/ceip-dolorsalmeda-cornella\/general\/ja-estem-instal%c2%b7lats\/\" title=\"Read Ja estem instal\u00b7lats!\">Llegeix m\u00e9s\u00bb<\/a><\/p>\n","protected":false},"author":1,"featured_media":1268,"comment_status":"open","ping_status":"closed","sticky":false,"template":"","format":"standard","meta":{"_bbp_topic_count":0,"_bbp_reply_count":0,"_bbp_total_topic_count":0,"_bbp_total_reply_count":0,"_bbp_voice_count":0,"_bbp_anonymous_reply_count":0,"_bbp_topic_count_hidden":0,"_bbp_reply_count_hidden":0,"_bbp_forum_subforum_count":0,"footnotes":""},"categories":[11,1,9,2,4,5],"tags":[141],"class_list":["post-1267","post","type-post","status-publish","format-standard","has-post-thumbnail","hentry","category-2n","category-general","category-i5","category-infantil","category-portada","category-primaria","tag-colonies"],"post_mailing_queue_ids":[],"_links":{"self":[{"href":"https:\/\/agora.xtec.cat\/ceip-dolorsalmeda-cornella\/wp-json\/wp\/v2\/posts\/1267","targetHints":{"allow":["GET"]}}],"collection":[{"href":"https:\/\/agora.xtec.cat\/ceip-dolorsalmeda-cornella\/wp-json\/wp\/v2\/posts"}],"about":[{"href":"https:\/\/agora.xtec.cat\/ceip-dolorsalmeda-cornella\/wp-json\/wp\/v2\/types\/post"}],"author":[{"embeddable":true,"href":"https:\/\/agora.xtec.cat\/ceip-dolorsalmeda-cornella\/wp-json\/wp\/v2\/users\/1"}],"replies":[{"embeddable":true,"href":"https:\/\/agora.xtec.cat\/ceip-dolorsalmeda-cornella\/wp-json\/wp\/v2\/comments?post=1267"}],"version-history":[{"count":2,"href":"https:\/\/agora.xtec.cat\/ceip-dolorsalmeda-cornella\/wp-json\/wp\/v2\/posts\/1267\/revisions"}],"predecessor-version":[{"id":1270,"href":"https:\/\/agora.xtec.cat\/ceip-dolorsalmeda-cornella\/wp-json\/wp\/v2\/posts\/1267\/revisions\/1270"}],"wp:featuredmedia":[{"embeddable":true,"href":"https:\/\/agora.xtec.cat\/ceip-dolorsalmeda-cornella\/wp-json\/wp\/v2\/media\/1268"}],"wp:attachment":[{"href":"https:\/\/agora.xtec.cat\/ceip-dolorsalmeda-cornella\/wp-json\/wp\/v2\/media?parent=1267"}],"wp:term":[{"taxonomy":"category","embeddable":true,"href":"https:\/\/agora.xtec.cat\/ceip-dolorsalmeda-cornella\/wp-json\/wp\/v2\/categories?post=1267"},{"taxonomy":"post_tag","embeddable":true,"href":"https:\/\/agora.xtec.cat\/ceip-dolorsalmeda-cornella\/wp-json\/wp\/v2\/tags?post=1267"}],"curies":[{"name":"wp","href":"https:\/\/api.w.org\/{rel}","templated":true}]}}