{"id":1245,"date":"2018-05-17T10:35:55","date_gmt":"2018-05-17T08:35:55","guid":{"rendered":"http:\/\/agora.xtec.cat\/ceip-dolorsalmeda-cornella\/?p=1245"},"modified":"2018-05-17T10:35:55","modified_gmt":"2018-05-17T08:35:55","slug":"teatre-a-lescola","status":"publish","type":"post","link":"https:\/\/agora.xtec.cat\/ceip-dolorsalmeda-cornella\/general\/teatre-a-lescola\/","title":{"rendered":"Teatre a l&#8217;escola"},"content":{"rendered":"<figure class=\"figure wp-caption aligncenter\"><a href=\"http:\/\/agora.xtec.cat\/ceip-dolorsalmeda-cornella\/wp-content\/uploads\/usu30\/2018\/05\/TEATRE-GRUP-B2.jpg\"><img loading=\"lazy\" decoding=\"async\" class=\" wp-image-1246\" src=\"http:\/\/agora.xtec.cat\/ceip-dolorsalmeda-cornella\/wp-content\/uploads\/usu30\/2018\/05\/TEATRE-GRUP-B2-1024x768.jpg\" alt=\"\" width=\"396\" height=\"297\" srcset=\"https:\/\/agora.xtec.cat\/ceip-dolorsalmeda-cornella\/wp-content\/uploads\/usu30\/2018\/05\/TEATRE-GRUP-B2.jpg 1024w, https:\/\/agora.xtec.cat\/ceip-dolorsalmeda-cornella\/wp-content\/uploads\/usu30\/2018\/05\/TEATRE-GRUP-B2-300x225.jpg 300w, https:\/\/agora.xtec.cat\/ceip-dolorsalmeda-cornella\/wp-content\/uploads\/usu30\/2018\/05\/TEATRE-GRUP-B2-768x576.jpg 768w, https:\/\/agora.xtec.cat\/ceip-dolorsalmeda-cornella\/wp-content\/uploads\/usu30\/2018\/05\/TEATRE-GRUP-B2-200x150.jpg 200w\" sizes=\"auto, (max-width: 396px) 100vw, 396px\" \/><\/a><figcaption class=\"wp-caption-text\">IF<\/figcaption><\/figure>\n<p style=\"text-align: justify;\">El dimarts 15 de maig va venir un conta-contes a explicar als infants d&#8217;educaci\u00f3 infantil tres contes: el de la tia Pepa, el de la bruixa que li agradava molt el color negre i el de la rateta que escombrava l\u2019escaleta. Quan va explicar el de la tia Pepa va utilitzar diferents instruments per fer les onomatopeies dels animals, pel conte de la bruixa ens va presentar el seu gat el qual va anar canviant de color i pel conte de la rateta va fer \u00fas de diferents lla\u00e7os de colors que els anava lligant a l\u2019escombra per\u00a0 representar els\u00a0 animals: el gos per la rateta, el groc per l\u2019\u00e0nec, el marr\u00f3 pel gos, el vermell pel gall i el negre pel gat. Entre conte i conte va fer algun truc de m\u00e0gia on els infants es van quedar bocabadats.<\/p>\n<p style=\"text-align: justify;\"><a href=\"https:\/\/photos.app.goo.gl\/5Tsnpmup5ULD8b8k8\" target=\"_blank\" rel=\"noopener noreferrer\">FOTOS GRUPS A<\/a><\/p>\n<p style=\"text-align: justify;\"><a href=\"https:\/\/photos.app.goo.gl\/Hj98mIgOTJlGyYwo1\" target=\"_blank\" rel=\"noopener noreferrer\">FOTOS GRUPS B<\/a><\/p>\n","protected":false},"excerpt":{"rendered":"<p><a href=\"http:\/\/agora.xtec.cat\/ceip-dolorsalmeda-cornella\/wp-content\/uploads\/usu30\/2018\/05\/TEATRE-GRUP-B2.jpg\"><\/a>IF<br \/>\nEl dimarts 15 de maig va venir un conta-contes a explicar als infants d&#8217;educaci\u00f3 infantil tres contes: el de la tia Pepa, el de la bruixa que li agradava molt el color negre i el de la rateta que escombrava l\u2019escaleta. Quan va explicar&hellip;  <a href=\"https:\/\/agora.xtec.cat\/ceip-dolorsalmeda-cornella\/general\/teatre-a-lescola\/\" title=\"Read Teatre a l&#8217;escola\">Llegeix m\u00e9s\u00bb<\/a><\/p>\n","protected":false},"author":1,"featured_media":1246,"comment_status":"open","ping_status":"closed","sticky":false,"template":"","format":"standard","meta":{"_bbp_topic_count":0,"_bbp_reply_count":0,"_bbp_total_topic_count":0,"_bbp_total_reply_count":0,"_bbp_voice_count":0,"_bbp_anonymous_reply_count":0,"_bbp_topic_count_hidden":0,"_bbp_reply_count_hidden":0,"_bbp_forum_subforum_count":0,"footnotes":""},"categories":[1,3,8,9,2,4],"tags":[78,131],"class_list":["post-1245","post","type-post","status-publish","format-standard","has-post-thumbnail","hentry","category-general","category-i3","category-i4","category-i5","category-infantil","category-portada","tag-contes","tag-teatre"],"post_mailing_queue_ids":[],"_links":{"self":[{"href":"https:\/\/agora.xtec.cat\/ceip-dolorsalmeda-cornella\/wp-json\/wp\/v2\/posts\/1245","targetHints":{"allow":["GET"]}}],"collection":[{"href":"https:\/\/agora.xtec.cat\/ceip-dolorsalmeda-cornella\/wp-json\/wp\/v2\/posts"}],"about":[{"href":"https:\/\/agora.xtec.cat\/ceip-dolorsalmeda-cornella\/wp-json\/wp\/v2\/types\/post"}],"author":[{"embeddable":true,"href":"https:\/\/agora.xtec.cat\/ceip-dolorsalmeda-cornella\/wp-json\/wp\/v2\/users\/1"}],"replies":[{"embeddable":true,"href":"https:\/\/agora.xtec.cat\/ceip-dolorsalmeda-cornella\/wp-json\/wp\/v2\/comments?post=1245"}],"version-history":[{"count":1,"href":"https:\/\/agora.xtec.cat\/ceip-dolorsalmeda-cornella\/wp-json\/wp\/v2\/posts\/1245\/revisions"}],"predecessor-version":[{"id":1247,"href":"https:\/\/agora.xtec.cat\/ceip-dolorsalmeda-cornella\/wp-json\/wp\/v2\/posts\/1245\/revisions\/1247"}],"wp:featuredmedia":[{"embeddable":true,"href":"https:\/\/agora.xtec.cat\/ceip-dolorsalmeda-cornella\/wp-json\/wp\/v2\/media\/1246"}],"wp:attachment":[{"href":"https:\/\/agora.xtec.cat\/ceip-dolorsalmeda-cornella\/wp-json\/wp\/v2\/media?parent=1245"}],"wp:term":[{"taxonomy":"category","embeddable":true,"href":"https:\/\/agora.xtec.cat\/ceip-dolorsalmeda-cornella\/wp-json\/wp\/v2\/categories?post=1245"},{"taxonomy":"post_tag","embeddable":true,"href":"https:\/\/agora.xtec.cat\/ceip-dolorsalmeda-cornella\/wp-json\/wp\/v2\/tags?post=1245"}],"curies":[{"name":"wp","href":"https:\/\/api.w.org\/{rel}","templated":true}]}}