{"id":1226,"date":"2018-05-16T16:07:37","date_gmt":"2018-05-16T14:07:37","guid":{"rendered":"http:\/\/agora.xtec.cat\/ceip-dolorsalmeda-cornella\/?p=1226"},"modified":"2018-05-17T10:27:18","modified_gmt":"2018-05-17T08:27:18","slug":"gimcana-matematica-2018","status":"publish","type":"post","link":"https:\/\/agora.xtec.cat\/ceip-dolorsalmeda-cornella\/general\/gimcana-matematica-2018\/","title":{"rendered":"Gimcana matem\u00e0tica 2018"},"content":{"rendered":"<p>Els alumnes de cicle inicial i mitj\u00e0 han participat en una gimcana matem\u00e0tica organitzada pels alumnes de cinqu\u00e8.<\/p>\n<p>Els nens i nenes es despla\u00e7aven lliurement fent les diverses proves i enigmes que els alumnes de cicle superior els plantejaven.<\/p>\n<p>Ha estat una jornada molt activa i entretinguda, en la que tothom s&#8217;ha implicat molt positivament.<\/p>\n<p><a href=\"https:\/\/photos.app.goo.gl\/nQxUcJzPSYSv6CRE3\">Fotos<\/a> de la Jornada<\/p>\n","protected":false},"excerpt":{"rendered":"<p>Els alumnes de cicle inicial i mitj\u00e0 han participat en una gimcana matem\u00e0tica organitzada pels alumnes de cinqu\u00e8.<br \/>\nEls nens i nenes es despla\u00e7aven lliurement fent les diverses proves i enigmes que els alumnes de cicle superior els plantejaven.<br \/>\nHa estat una jornada molt activa i entretinguda,&hellip;  <a href=\"https:\/\/agora.xtec.cat\/ceip-dolorsalmeda-cornella\/general\/gimcana-matematica-2018\/\" title=\"Read Gimcana matem\u00e0tica 2018\">Llegeix m\u00e9s\u00bb<\/a><\/p>\n","protected":false},"author":8,"featured_media":1227,"comment_status":"open","ping_status":"closed","sticky":false,"template":"","format":"standard","meta":{"_bbp_topic_count":0,"_bbp_reply_count":0,"_bbp_total_topic_count":0,"_bbp_total_reply_count":0,"_bbp_voice_count":0,"_bbp_anonymous_reply_count":0,"_bbp_topic_count_hidden":0,"_bbp_reply_count_hidden":0,"_bbp_forum_subforum_count":0,"footnotes":""},"categories":[10,11,12,13,14,1,4,5],"tags":[138],"class_list":["post-1226","post","type-post","status-publish","format-standard","has-post-thumbnail","hentry","category-1r","category-2n","category-3r","category-4t","category-5e","category-general","category-portada","category-primaria","tag-gimcana-matematica"],"post_mailing_queue_ids":[],"_links":{"self":[{"href":"https:\/\/agora.xtec.cat\/ceip-dolorsalmeda-cornella\/wp-json\/wp\/v2\/posts\/1226","targetHints":{"allow":["GET"]}}],"collection":[{"href":"https:\/\/agora.xtec.cat\/ceip-dolorsalmeda-cornella\/wp-json\/wp\/v2\/posts"}],"about":[{"href":"https:\/\/agora.xtec.cat\/ceip-dolorsalmeda-cornella\/wp-json\/wp\/v2\/types\/post"}],"author":[{"embeddable":true,"href":"https:\/\/agora.xtec.cat\/ceip-dolorsalmeda-cornella\/wp-json\/wp\/v2\/users\/8"}],"replies":[{"embeddable":true,"href":"https:\/\/agora.xtec.cat\/ceip-dolorsalmeda-cornella\/wp-json\/wp\/v2\/comments?post=1226"}],"version-history":[{"count":2,"href":"https:\/\/agora.xtec.cat\/ceip-dolorsalmeda-cornella\/wp-json\/wp\/v2\/posts\/1226\/revisions"}],"predecessor-version":[{"id":1229,"href":"https:\/\/agora.xtec.cat\/ceip-dolorsalmeda-cornella\/wp-json\/wp\/v2\/posts\/1226\/revisions\/1229"}],"wp:featuredmedia":[{"embeddable":true,"href":"https:\/\/agora.xtec.cat\/ceip-dolorsalmeda-cornella\/wp-json\/wp\/v2\/media\/1227"}],"wp:attachment":[{"href":"https:\/\/agora.xtec.cat\/ceip-dolorsalmeda-cornella\/wp-json\/wp\/v2\/media?parent=1226"}],"wp:term":[{"taxonomy":"category","embeddable":true,"href":"https:\/\/agora.xtec.cat\/ceip-dolorsalmeda-cornella\/wp-json\/wp\/v2\/categories?post=1226"},{"taxonomy":"post_tag","embeddable":true,"href":"https:\/\/agora.xtec.cat\/ceip-dolorsalmeda-cornella\/wp-json\/wp\/v2\/tags?post=1226"}],"curies":[{"name":"wp","href":"https:\/\/api.w.org\/{rel}","templated":true}]}}