{"id":1217,"date":"2018-05-16T13:38:10","date_gmt":"2018-05-16T11:38:10","guid":{"rendered":"http:\/\/agora.xtec.cat\/ceip-dolorsalmeda-cornella\/?p=1217"},"modified":"2018-05-16T13:38:10","modified_gmt":"2018-05-16T11:38:10","slug":"visita-a-linstitut-miquel-marti-i-pol","status":"publish","type":"post","link":"https:\/\/agora.xtec.cat\/ceip-dolorsalmeda-cornella\/general\/visita-a-linstitut-miquel-marti-i-pol\/","title":{"rendered":"Visita a l&#8217;institut Miquel Mart\u00ed i Pol"},"content":{"rendered":"<p>Els alumnes de sis\u00e8 es van despla\u00e7ar a l&#8217;institut de secund\u00e0ria Miquel Mart\u00ed i Pol, on els van mostrar les instal\u00b7lacions i el seu funcionament . All\u00ed, tamb\u00e9,\u00a0 van realitzar uns tallers, en grups redu\u00efts, acompanyats per alguns antics alumnes de l&#8217;escola.<\/p>\n<p><a href=\"https:\/\/photos.app.goo.gl\/f7i2Ukc904RtnWwj1\">Fotos de la visita<\/a><\/p>\n","protected":false},"excerpt":{"rendered":"<p>Els alumnes de sis\u00e8 es van despla\u00e7ar a l&#8217;institut de secund\u00e0ria Miquel Mart\u00ed i Pol, on els van mostrar les instal\u00b7lacions i el seu funcionament . All\u00ed, tamb\u00e9,\u00a0 van realitzar uns tallers, en grups redu\u00efts, acompanyats per alguns antics alumnes de l&#8217;escola.<br \/>\n<a href=\"https:\/\/photos.app.goo.gl\/f7i2Ukc904RtnWwj1\">Fotos de la&hellip;  <a href=\"https:\/\/agora.xtec.cat\/ceip-dolorsalmeda-cornella\/general\/visita-a-linstitut-miquel-marti-i-pol\/\" title=\"Read Visita a l&#8217;institut Miquel Mart\u00ed i Pol\">Llegeix m\u00e9s\u00bb<\/a><\/p>\n","protected":false},"author":8,"featured_media":1218,"comment_status":"open","ping_status":"closed","sticky":false,"template":"","format":"standard","meta":{"_bbp_topic_count":0,"_bbp_reply_count":0,"_bbp_total_topic_count":0,"_bbp_total_reply_count":0,"_bbp_voice_count":0,"_bbp_anonymous_reply_count":0,"_bbp_topic_count_hidden":0,"_bbp_reply_count_hidden":0,"_bbp_forum_subforum_count":0,"footnotes":""},"categories":[15,1,4,5],"tags":[113],"class_list":["post-1217","post","type-post","status-publish","format-standard","has-post-thumbnail","hentry","category-6e","category-general","category-portada","category-primaria","tag-sortida"],"post_mailing_queue_ids":[],"_links":{"self":[{"href":"https:\/\/agora.xtec.cat\/ceip-dolorsalmeda-cornella\/wp-json\/wp\/v2\/posts\/1217","targetHints":{"allow":["GET"]}}],"collection":[{"href":"https:\/\/agora.xtec.cat\/ceip-dolorsalmeda-cornella\/wp-json\/wp\/v2\/posts"}],"about":[{"href":"https:\/\/agora.xtec.cat\/ceip-dolorsalmeda-cornella\/wp-json\/wp\/v2\/types\/post"}],"author":[{"embeddable":true,"href":"https:\/\/agora.xtec.cat\/ceip-dolorsalmeda-cornella\/wp-json\/wp\/v2\/users\/8"}],"replies":[{"embeddable":true,"href":"https:\/\/agora.xtec.cat\/ceip-dolorsalmeda-cornella\/wp-json\/wp\/v2\/comments?post=1217"}],"version-history":[{"count":1,"href":"https:\/\/agora.xtec.cat\/ceip-dolorsalmeda-cornella\/wp-json\/wp\/v2\/posts\/1217\/revisions"}],"predecessor-version":[{"id":1219,"href":"https:\/\/agora.xtec.cat\/ceip-dolorsalmeda-cornella\/wp-json\/wp\/v2\/posts\/1217\/revisions\/1219"}],"wp:featuredmedia":[{"embeddable":true,"href":"https:\/\/agora.xtec.cat\/ceip-dolorsalmeda-cornella\/wp-json\/wp\/v2\/media\/1218"}],"wp:attachment":[{"href":"https:\/\/agora.xtec.cat\/ceip-dolorsalmeda-cornella\/wp-json\/wp\/v2\/media?parent=1217"}],"wp:term":[{"taxonomy":"category","embeddable":true,"href":"https:\/\/agora.xtec.cat\/ceip-dolorsalmeda-cornella\/wp-json\/wp\/v2\/categories?post=1217"},{"taxonomy":"post_tag","embeddable":true,"href":"https:\/\/agora.xtec.cat\/ceip-dolorsalmeda-cornella\/wp-json\/wp\/v2\/tags?post=1217"}],"curies":[{"name":"wp","href":"https:\/\/api.w.org\/{rel}","templated":true}]}}