{"id":1202,"date":"2018-05-10T10:03:59","date_gmt":"2018-05-10T08:03:59","guid":{"rendered":"http:\/\/agora.xtec.cat\/ceip-dolorsalmeda-cornella\/?p=1202"},"modified":"2018-05-10T10:03:59","modified_gmt":"2018-05-10T08:03:59","slug":"parc-de-les-olors","status":"publish","type":"post","link":"https:\/\/agora.xtec.cat\/ceip-dolorsalmeda-cornella\/general\/parc-de-les-olors\/","title":{"rendered":"Parc de les olors"},"content":{"rendered":"<p>Els alumnes de tercer hem passat el dia al Parc de les olors de Sta. Maria de Ron\u00e7ana. Hem fet activitats relacionades amb les plantes arom\u00e0tiques i hem gaudit d&#8217;una jornada l\u00fadica envoltats de la natura.<\/p>\n<p>Cliqueu l&#8217;enlla\u00e7 per poder veure algunes fotos.<\/p>\n<p><a href=\"https:\/\/photos.app.goo.gl\/mEqj8zu7TRYsZt7N6\">FOTOS\u00a0<\/a><\/p>\n","protected":false},"excerpt":{"rendered":"<p>Els alumnes de tercer hem passat el dia al Parc de les olors de Sta. Maria de Ron\u00e7ana. Hem fet activitats relacionades amb les plantes arom\u00e0tiques i hem gaudit d&#8217;una jornada l\u00fadica envoltats de la natura.<br \/>\nCliqueu l&#8217;enlla\u00e7 per poder veure algunes fotos.<br \/>\n<a href=\"https:\/\/photos.app.goo.gl\/mEqj8zu7TRYsZt7N6\">FOTOS\u00a0<\/a><\/p>\n","protected":false},"author":6,"featured_media":1203,"comment_status":"open","ping_status":"closed","sticky":false,"template":"","format":"standard","meta":{"_bbp_topic_count":0,"_bbp_reply_count":0,"_bbp_total_topic_count":0,"_bbp_total_reply_count":0,"_bbp_voice_count":0,"_bbp_anonymous_reply_count":0,"_bbp_topic_count_hidden":0,"_bbp_reply_count_hidden":0,"_bbp_forum_subforum_count":0,"footnotes":""},"categories":[12,1,4,5],"tags":[16],"class_list":["post-1202","post","type-post","status-publish","format-standard","has-post-thumbnail","hentry","category-3r","category-general","category-portada","category-primaria","tag-sortides"],"post_mailing_queue_ids":[],"_links":{"self":[{"href":"https:\/\/agora.xtec.cat\/ceip-dolorsalmeda-cornella\/wp-json\/wp\/v2\/posts\/1202","targetHints":{"allow":["GET"]}}],"collection":[{"href":"https:\/\/agora.xtec.cat\/ceip-dolorsalmeda-cornella\/wp-json\/wp\/v2\/posts"}],"about":[{"href":"https:\/\/agora.xtec.cat\/ceip-dolorsalmeda-cornella\/wp-json\/wp\/v2\/types\/post"}],"author":[{"embeddable":true,"href":"https:\/\/agora.xtec.cat\/ceip-dolorsalmeda-cornella\/wp-json\/wp\/v2\/users\/6"}],"replies":[{"embeddable":true,"href":"https:\/\/agora.xtec.cat\/ceip-dolorsalmeda-cornella\/wp-json\/wp\/v2\/comments?post=1202"}],"version-history":[{"count":1,"href":"https:\/\/agora.xtec.cat\/ceip-dolorsalmeda-cornella\/wp-json\/wp\/v2\/posts\/1202\/revisions"}],"predecessor-version":[{"id":1204,"href":"https:\/\/agora.xtec.cat\/ceip-dolorsalmeda-cornella\/wp-json\/wp\/v2\/posts\/1202\/revisions\/1204"}],"wp:featuredmedia":[{"embeddable":true,"href":"https:\/\/agora.xtec.cat\/ceip-dolorsalmeda-cornella\/wp-json\/wp\/v2\/media\/1203"}],"wp:attachment":[{"href":"https:\/\/agora.xtec.cat\/ceip-dolorsalmeda-cornella\/wp-json\/wp\/v2\/media?parent=1202"}],"wp:term":[{"taxonomy":"category","embeddable":true,"href":"https:\/\/agora.xtec.cat\/ceip-dolorsalmeda-cornella\/wp-json\/wp\/v2\/categories?post=1202"},{"taxonomy":"post_tag","embeddable":true,"href":"https:\/\/agora.xtec.cat\/ceip-dolorsalmeda-cornella\/wp-json\/wp\/v2\/tags?post=1202"}],"curies":[{"name":"wp","href":"https:\/\/api.w.org\/{rel}","templated":true}]}}