{"id":120,"date":"2017-09-12T11:53:39","date_gmt":"2017-09-12T09:53:39","guid":{"rendered":"http:\/\/agora.xtec.cat\/ceip-dolorsalmeda-cornella\/?p=120"},"modified":"2017-12-19T22:53:09","modified_gmt":"2017-12-19T21:53:09","slug":"noticia-6","status":"publish","type":"post","link":"https:\/\/agora.xtec.cat\/ceip-dolorsalmeda-cornella\/general\/noticia-6\/","title":{"rendered":"Bon inici de curs 2017-2018"},"content":{"rendered":"<p>Comencem el curs escolar 2017-2018 amb les motxilles carregades d&#8217;alegria, il\u00b7lusi\u00f3, i molts nous projectes!<\/p>\n<p>Volem desitjar un feli\u00e7 inici de curs a tothom, per\u00f2 de manera molt especial als infants, fam\u00edlies i mestres que s&#8217;incorporen al Dolors Almeda aquest setembre.<\/p>\n<p>Aquest curs volem gaudir, compartir, viure i construir experi\u00e8ncies inoblidables per tots, us hi apunteu?<\/p>\n<p><a href=\"http:\/\/agora.xtec.cat\/ceip-dolorsalmeda-cornella\/wp-content\/uploads\/usu30\/2014\/09\/cropped-joan-turu.jpg\"><img loading=\"lazy\" decoding=\"async\" class=\"alignnone wp-image-494\" src=\"http:\/\/agora.xtec.cat\/ceip-dolorsalmeda-cornella\/wp-content\/uploads\/usu30\/2014\/09\/cropped-joan-turu.jpg\" alt=\"\" width=\"358\" height=\"210\" srcset=\"https:\/\/agora.xtec.cat\/ceip-dolorsalmeda-cornella\/wp-content\/uploads\/usu30\/2014\/09\/cropped-joan-turu.jpg 1000w, https:\/\/agora.xtec.cat\/ceip-dolorsalmeda-cornella\/wp-content\/uploads\/usu30\/2014\/09\/cropped-joan-turu-300x176.jpg 300w, https:\/\/agora.xtec.cat\/ceip-dolorsalmeda-cornella\/wp-content\/uploads\/usu30\/2014\/09\/cropped-joan-turu-768x451.jpg 768w\" sizes=\"auto, (max-width: 358px) 100vw, 358px\" \/><\/a><\/p>\n","protected":false},"excerpt":{"rendered":"<p>Comencem el curs escolar 2017-2018 amb les motxilles carregades d&#8217;alegria, il\u00b7lusi\u00f3, i molts nous projectes!<br \/>\nVolem desitjar un feli\u00e7 inici de curs a tothom, per\u00f2 de manera molt especial als infants, fam\u00edlies i mestres que s&#8217;incorporen al Dolors Almeda aquest setembre.<br \/>\nAquest curs volem gaudir, compartir, viure&hellip;  <a href=\"https:\/\/agora.xtec.cat\/ceip-dolorsalmeda-cornella\/general\/noticia-6\/\" title=\"Read Bon inici de curs 2017-2018\">Llegeix m\u00e9s\u00bb<\/a><\/p>\n","protected":false},"author":1,"featured_media":0,"comment_status":"open","ping_status":"closed","sticky":false,"template":"","format":"standard","meta":{"_bbp_topic_count":0,"_bbp_reply_count":0,"_bbp_total_topic_count":0,"_bbp_total_reply_count":0,"_bbp_voice_count":0,"_bbp_anonymous_reply_count":0,"_bbp_topic_count_hidden":0,"_bbp_reply_count_hidden":0,"_bbp_forum_subforum_count":0,"footnotes":""},"categories":[1,2,4,5],"tags":[59,16],"class_list":["post-120","post","type-post","status-publish","format-standard","hentry","category-general","category-infantil","category-portada","category-primaria","tag-inici-de-curs","tag-sortides"],"post_mailing_queue_ids":[],"_links":{"self":[{"href":"https:\/\/agora.xtec.cat\/ceip-dolorsalmeda-cornella\/wp-json\/wp\/v2\/posts\/120","targetHints":{"allow":["GET"]}}],"collection":[{"href":"https:\/\/agora.xtec.cat\/ceip-dolorsalmeda-cornella\/wp-json\/wp\/v2\/posts"}],"about":[{"href":"https:\/\/agora.xtec.cat\/ceip-dolorsalmeda-cornella\/wp-json\/wp\/v2\/types\/post"}],"author":[{"embeddable":true,"href":"https:\/\/agora.xtec.cat\/ceip-dolorsalmeda-cornella\/wp-json\/wp\/v2\/users\/1"}],"replies":[{"embeddable":true,"href":"https:\/\/agora.xtec.cat\/ceip-dolorsalmeda-cornella\/wp-json\/wp\/v2\/comments?post=120"}],"version-history":[{"count":3,"href":"https:\/\/agora.xtec.cat\/ceip-dolorsalmeda-cornella\/wp-json\/wp\/v2\/posts\/120\/revisions"}],"predecessor-version":[{"id":784,"href":"https:\/\/agora.xtec.cat\/ceip-dolorsalmeda-cornella\/wp-json\/wp\/v2\/posts\/120\/revisions\/784"}],"wp:attachment":[{"href":"https:\/\/agora.xtec.cat\/ceip-dolorsalmeda-cornella\/wp-json\/wp\/v2\/media?parent=120"}],"wp:term":[{"taxonomy":"category","embeddable":true,"href":"https:\/\/agora.xtec.cat\/ceip-dolorsalmeda-cornella\/wp-json\/wp\/v2\/categories?post=120"},{"taxonomy":"post_tag","embeddable":true,"href":"https:\/\/agora.xtec.cat\/ceip-dolorsalmeda-cornella\/wp-json\/wp\/v2\/tags?post=120"}],"curies":[{"name":"wp","href":"https:\/\/api.w.org\/{rel}","templated":true}]}}