{"id":118,"date":"2017-06-22T11:53:11","date_gmt":"2017-06-22T09:53:11","guid":{"rendered":"http:\/\/agora.xtec.cat\/ceip-dolorsalmeda-cornella\/?p=118"},"modified":"2017-12-19T22:53:28","modified_gmt":"2017-12-19T21:53:28","slug":"noticia-5-2","status":"publish","type":"post","link":"https:\/\/agora.xtec.cat\/ceip-dolorsalmeda-cornella\/portada\/noticia-5-2\/","title":{"rendered":"Comiat de sis\u00e8"},"content":{"rendered":"<p style=\"text-align: justify;\">En l&#8217;\u00faltim dia d&#8217;escola, els alumnes de sis\u00e8 s&#8217;acomiaden dedicant-nos el ball &#8220;La vida es un carnaval&#8221;. Els desitgem molta sort en aquesta nova etapa que comencen i un futur molt feli\u00e7. Aquesta sempre ser\u00e0 la vostra escola. Despr\u00e9s, la S\u00edlvia P\u00e9rez i els alumnes de sis\u00e8 ens han ensenyat la coreografia per poder-la ballar tots junts com a comiat. Bon estiu a tothom!<\/p>\n<p><iframe loading=\"lazy\" src=\"\/\/www.youtube.com\/embed\/XVIRn0uaY1w\" width=\"560\" height=\"314\" allowfullscreen=\"allowfullscreen\"><\/iframe><\/p>\n<p><iframe loading=\"lazy\" src=\"\/\/www.youtube.com\/embed\/y-gBujkePaM\" width=\"560\" height=\"314\" allowfullscreen=\"allowfullscreen\"><\/iframe><\/p>\n<p>&nbsp;<\/p>\n","protected":false},"excerpt":{"rendered":"<p>En l&#8217;\u00faltim dia d&#8217;escola, els alumnes de sis\u00e8 s&#8217;acomiaden dedicant-nos el ball &#8220;La vida es un carnaval&#8221;. Els desitgem molta sort en aquesta nova etapa que comencen i un futur molt feli\u00e7. Aquesta sempre ser\u00e0 la vostra escola. Despr\u00e9s, la S\u00edlvia P\u00e9rez i els alumnes&hellip;  <a href=\"https:\/\/agora.xtec.cat\/ceip-dolorsalmeda-cornella\/portada\/noticia-5-2\/\" title=\"Read Comiat de sis\u00e8\">Llegeix m\u00e9s\u00bb<\/a><\/p>\n","protected":false},"author":1,"featured_media":0,"comment_status":"open","ping_status":"closed","sticky":false,"template":"","format":"standard","meta":{"_bbp_topic_count":0,"_bbp_reply_count":0,"_bbp_total_topic_count":0,"_bbp_total_reply_count":0,"_bbp_voice_count":0,"_bbp_anonymous_reply_count":0,"_bbp_topic_count_hidden":0,"_bbp_reply_count_hidden":0,"_bbp_forum_subforum_count":0,"footnotes":""},"categories":[15,4],"tags":[19,60,61,16],"class_list":["post-118","post","type-post","status-publish","format-standard","hentry","category-6e","category-portada","tag-audiovisuals","tag-comiat","tag-final-de-curs","tag-sortides"],"post_mailing_queue_ids":[],"_links":{"self":[{"href":"https:\/\/agora.xtec.cat\/ceip-dolorsalmeda-cornella\/wp-json\/wp\/v2\/posts\/118","targetHints":{"allow":["GET"]}}],"collection":[{"href":"https:\/\/agora.xtec.cat\/ceip-dolorsalmeda-cornella\/wp-json\/wp\/v2\/posts"}],"about":[{"href":"https:\/\/agora.xtec.cat\/ceip-dolorsalmeda-cornella\/wp-json\/wp\/v2\/types\/post"}],"author":[{"embeddable":true,"href":"https:\/\/agora.xtec.cat\/ceip-dolorsalmeda-cornella\/wp-json\/wp\/v2\/users\/1"}],"replies":[{"embeddable":true,"href":"https:\/\/agora.xtec.cat\/ceip-dolorsalmeda-cornella\/wp-json\/wp\/v2\/comments?post=118"}],"version-history":[{"count":3,"href":"https:\/\/agora.xtec.cat\/ceip-dolorsalmeda-cornella\/wp-json\/wp\/v2\/posts\/118\/revisions"}],"predecessor-version":[{"id":785,"href":"https:\/\/agora.xtec.cat\/ceip-dolorsalmeda-cornella\/wp-json\/wp\/v2\/posts\/118\/revisions\/785"}],"wp:attachment":[{"href":"https:\/\/agora.xtec.cat\/ceip-dolorsalmeda-cornella\/wp-json\/wp\/v2\/media?parent=118"}],"wp:term":[{"taxonomy":"category","embeddable":true,"href":"https:\/\/agora.xtec.cat\/ceip-dolorsalmeda-cornella\/wp-json\/wp\/v2\/categories?post=118"},{"taxonomy":"post_tag","embeddable":true,"href":"https:\/\/agora.xtec.cat\/ceip-dolorsalmeda-cornella\/wp-json\/wp\/v2\/tags?post=118"}],"curies":[{"name":"wp","href":"https:\/\/api.w.org\/{rel}","templated":true}]}}