{"id":1173,"date":"2018-05-06T11:31:15","date_gmt":"2018-05-06T09:31:15","guid":{"rendered":"http:\/\/agora.xtec.cat\/ceip-dolorsalmeda-cornella\/?p=1173"},"modified":"2018-05-06T11:31:15","modified_gmt":"2018-05-06T09:31:15","slug":"continuem-preparant-el-musical","status":"publish","type":"post","link":"https:\/\/agora.xtec.cat\/ceip-dolorsalmeda-cornella\/general\/continuem-preparant-el-musical\/","title":{"rendered":"Continuem preparant el musical"},"content":{"rendered":"<p>El compte enrere ha comen\u00e7at i ja estem amb els \u00faltims retocs, assajos i gravacions. Ara ha tocat enregistrar les can\u00e7ons de cada grup. Hem tingut un dia intens i emocionant a l&#8217;escola \u00a0gravant les nostres pr\u00f2pies veus com si f\u00f3ssim professionals en un estudi de gravaci\u00f3.<\/p>\n<p>Ens ho hem passat genial!<\/p>\n<p>Cliqueu el link per veure algunes fotos.<\/p>\n<p><a href=\"https:\/\/photos.app.goo.gl\/QzK4VswtA0jqLhv73\">FOTOS<\/a><\/p>\n","protected":false},"excerpt":{"rendered":"<p>El compte enrere ha comen\u00e7at i ja estem amb els \u00faltims retocs, assajos i gravacions. Ara ha tocat enregistrar les can\u00e7ons de cada grup. Hem tingut un dia intens i emocionant a l&#8217;escola \u00a0gravant les nostres pr\u00f2pies veus com si f\u00f3ssim professionals en un estudi&hellip;  <a href=\"https:\/\/agora.xtec.cat\/ceip-dolorsalmeda-cornella\/general\/continuem-preparant-el-musical\/\" title=\"Read Continuem preparant el musical\">Llegeix m\u00e9s\u00bb<\/a><\/p>\n","protected":false},"author":6,"featured_media":1174,"comment_status":"open","ping_status":"closed","sticky":false,"template":"","format":"standard","meta":{"_bbp_topic_count":0,"_bbp_reply_count":0,"_bbp_total_topic_count":0,"_bbp_total_reply_count":0,"_bbp_voice_count":0,"_bbp_anonymous_reply_count":0,"_bbp_topic_count_hidden":0,"_bbp_reply_count_hidden":0,"_bbp_forum_subforum_count":0,"footnotes":""},"categories":[10,11,12,13,14,15,7,1,3,8,9,2,4,5],"tags":[105],"class_list":["post-1173","post","type-post","status-publish","format-standard","has-post-thumbnail","hentry","category-1r","category-2n","category-3r","category-4t","category-5e","category-6e","category-ampa","category-general","category-i3","category-i4","category-i5","category-infantil","category-portada","category-primaria","tag-musical"],"post_mailing_queue_ids":[],"_links":{"self":[{"href":"https:\/\/agora.xtec.cat\/ceip-dolorsalmeda-cornella\/wp-json\/wp\/v2\/posts\/1173","targetHints":{"allow":["GET"]}}],"collection":[{"href":"https:\/\/agora.xtec.cat\/ceip-dolorsalmeda-cornella\/wp-json\/wp\/v2\/posts"}],"about":[{"href":"https:\/\/agora.xtec.cat\/ceip-dolorsalmeda-cornella\/wp-json\/wp\/v2\/types\/post"}],"author":[{"embeddable":true,"href":"https:\/\/agora.xtec.cat\/ceip-dolorsalmeda-cornella\/wp-json\/wp\/v2\/users\/6"}],"replies":[{"embeddable":true,"href":"https:\/\/agora.xtec.cat\/ceip-dolorsalmeda-cornella\/wp-json\/wp\/v2\/comments?post=1173"}],"version-history":[{"count":1,"href":"https:\/\/agora.xtec.cat\/ceip-dolorsalmeda-cornella\/wp-json\/wp\/v2\/posts\/1173\/revisions"}],"predecessor-version":[{"id":1175,"href":"https:\/\/agora.xtec.cat\/ceip-dolorsalmeda-cornella\/wp-json\/wp\/v2\/posts\/1173\/revisions\/1175"}],"wp:featuredmedia":[{"embeddable":true,"href":"https:\/\/agora.xtec.cat\/ceip-dolorsalmeda-cornella\/wp-json\/wp\/v2\/media\/1174"}],"wp:attachment":[{"href":"https:\/\/agora.xtec.cat\/ceip-dolorsalmeda-cornella\/wp-json\/wp\/v2\/media?parent=1173"}],"wp:term":[{"taxonomy":"category","embeddable":true,"href":"https:\/\/agora.xtec.cat\/ceip-dolorsalmeda-cornella\/wp-json\/wp\/v2\/categories?post=1173"},{"taxonomy":"post_tag","embeddable":true,"href":"https:\/\/agora.xtec.cat\/ceip-dolorsalmeda-cornella\/wp-json\/wp\/v2\/tags?post=1173"}],"curies":[{"name":"wp","href":"https:\/\/api.w.org\/{rel}","templated":true}]}}