{"id":1163,"date":"2018-05-04T16:21:52","date_gmt":"2018-05-04T14:21:52","guid":{"rendered":"http:\/\/agora.xtec.cat\/ceip-dolorsalmeda-cornella\/?p=1163"},"modified":"2018-05-04T16:51:23","modified_gmt":"2018-05-04T14:51:23","slug":"parc-natural-del-garraf","status":"publish","type":"post","link":"https:\/\/agora.xtec.cat\/ceip-dolorsalmeda-cornella\/general\/parc-natural-del-garraf\/","title":{"rendered":"Parc Natural del Garraf"},"content":{"rendered":"<p>Els\/les alumnes de 5\u00e8 han visitat el Parc Natural del Garraf. All\u00e0 han gaudit d&#8217;un entorn \u00fanic on han observat plantes arom\u00e0tiques i remeieres i d&#8217;altres t\u00edpiques del clima mediterrani com el margall\u00f3, l&#8217;alzina i el pi, i han analitzat els canvis produ\u00efts amb el pas del temps.<\/p>\n<p>Tamb\u00e9 els han ajudat a analitzar pistes que trobem pel bosc i ens serveixen per identificar quins animals hi viuen, com les petjades, els excrements o les restes de menjar.<\/p>\n<p>Finalment els han explicat l&#8217;erosi\u00f3 de les roques calc\u00e0ries i les coves que hi ha a l&#8217;interior del mass\u00eds del Garraf. Han vist des de dalt l&#8217;Avenc de l&#8217;esquerr\u00e0, una cova vertical d&#8217;uns 400 metres de profunditat.<\/p>\n<p>Ha estat una visita molt interessant!<\/p>\n<p>Podeu veure les imatges fent clic a l&#8217;enlla\u00e7: <a href=\"https:\/\/photos.app.goo.gl\/BxHayMrD4BGJSCQF6\" target=\"_blank\" rel=\"noopener noreferrer\">Fotos<\/a><\/p>\n","protected":false},"excerpt":{"rendered":"<p>Els\/les alumnes de 5\u00e8 han visitat el Parc Natural del Garraf. All\u00e0 han gaudit d&#8217;un entorn \u00fanic on han observat plantes arom\u00e0tiques i remeieres i d&#8217;altres t\u00edpiques del clima mediterrani com el margall\u00f3, l&#8217;alzina i el pi, i han analitzat els canvis produ\u00efts amb el&hellip;  <a href=\"https:\/\/agora.xtec.cat\/ceip-dolorsalmeda-cornella\/general\/parc-natural-del-garraf\/\" title=\"Read Parc Natural del Garraf\">Llegeix m\u00e9s\u00bb<\/a><\/p>\n","protected":false},"author":3,"featured_media":1164,"comment_status":"open","ping_status":"closed","sticky":false,"template":"","format":"standard","meta":{"_bbp_topic_count":0,"_bbp_reply_count":0,"_bbp_total_topic_count":0,"_bbp_total_reply_count":0,"_bbp_voice_count":0,"_bbp_anonymous_reply_count":0,"_bbp_topic_count_hidden":0,"_bbp_reply_count_hidden":0,"_bbp_forum_subforum_count":0,"footnotes":""},"categories":[14,1,4],"tags":[66,16],"class_list":["post-1163","post","type-post","status-publish","format-standard","has-post-thumbnail","hentry","category-5e","category-general","category-portada","tag-5e","tag-sortides"],"post_mailing_queue_ids":[],"_links":{"self":[{"href":"https:\/\/agora.xtec.cat\/ceip-dolorsalmeda-cornella\/wp-json\/wp\/v2\/posts\/1163","targetHints":{"allow":["GET"]}}],"collection":[{"href":"https:\/\/agora.xtec.cat\/ceip-dolorsalmeda-cornella\/wp-json\/wp\/v2\/posts"}],"about":[{"href":"https:\/\/agora.xtec.cat\/ceip-dolorsalmeda-cornella\/wp-json\/wp\/v2\/types\/post"}],"author":[{"embeddable":true,"href":"https:\/\/agora.xtec.cat\/ceip-dolorsalmeda-cornella\/wp-json\/wp\/v2\/users\/3"}],"replies":[{"embeddable":true,"href":"https:\/\/agora.xtec.cat\/ceip-dolorsalmeda-cornella\/wp-json\/wp\/v2\/comments?post=1163"}],"version-history":[{"count":3,"href":"https:\/\/agora.xtec.cat\/ceip-dolorsalmeda-cornella\/wp-json\/wp\/v2\/posts\/1163\/revisions"}],"predecessor-version":[{"id":1167,"href":"https:\/\/agora.xtec.cat\/ceip-dolorsalmeda-cornella\/wp-json\/wp\/v2\/posts\/1163\/revisions\/1167"}],"wp:featuredmedia":[{"embeddable":true,"href":"https:\/\/agora.xtec.cat\/ceip-dolorsalmeda-cornella\/wp-json\/wp\/v2\/media\/1164"}],"wp:attachment":[{"href":"https:\/\/agora.xtec.cat\/ceip-dolorsalmeda-cornella\/wp-json\/wp\/v2\/media?parent=1163"}],"wp:term":[{"taxonomy":"category","embeddable":true,"href":"https:\/\/agora.xtec.cat\/ceip-dolorsalmeda-cornella\/wp-json\/wp\/v2\/categories?post=1163"},{"taxonomy":"post_tag","embeddable":true,"href":"https:\/\/agora.xtec.cat\/ceip-dolorsalmeda-cornella\/wp-json\/wp\/v2\/tags?post=1163"}],"curies":[{"name":"wp","href":"https:\/\/api.w.org\/{rel}","templated":true}]}}