{"id":1153,"date":"2018-04-25T23:55:39","date_gmt":"2018-04-25T21:55:39","guid":{"rendered":"http:\/\/agora.xtec.cat\/ceip-dolorsalmeda-cornella\/?p=1153"},"modified":"2018-04-25T23:57:24","modified_gmt":"2018-04-25T21:57:24","slug":"gravacions-we-will-rock-you","status":"publish","type":"post","link":"https:\/\/agora.xtec.cat\/ceip-dolorsalmeda-cornella\/general\/gravacions-we-will-rock-you\/","title":{"rendered":"Gravacions We Will Rock You"},"content":{"rendered":"<p>Ja tenim molt a prop l&#8217;estrena del nostre musical <strong>&#8221; We will Rock You&#8221;<\/strong> i\u00a0 estem molt impacients per poder ensenyar-vos tota la feina que portem fent des de principis de curs!<\/p>\n<p>Com ja sabeu, despr\u00e9s de molts c\u00e0stings i preparacions, alguns nens i nenes de\u00a0 l&#8217;escola\u00a0 vam ser votats pels nostres propis companys per representar els papers principals i secundaris d&#8217;aquest gran musical.<\/p>\n<p>Ja arribat el moment de fer les gravacions dels textos i can\u00e7ons que\u00a0 us representarem i per aix\u00f2, hem anat a un estudi de gravaci\u00f3. Ha estat una experi\u00e8ncia \u00fanica i hem gaudit molt d&#8217;aquest moment tan especial!<\/p>\n<p>Us esperem el proper <strong>31 de maig<\/strong> a l&#8217;Auditori de Cornell\u00e0! No hi podeu faltar!<\/p>\n<p><a href=\"https:\/\/photos.app.goo.gl\/acZRBS5k7cAhWKAk2\">FOTOS<\/a><\/p>\n<p>&nbsp;<\/p>\n<p>&nbsp;<\/p>\n<p>&nbsp;<\/p>\n<p>&nbsp;<\/p>\n<p>&nbsp;<\/p>\n<p>&nbsp;<\/p>\n","protected":false},"excerpt":{"rendered":"<p>Ja tenim molt a prop l&#8217;estrena del nostre musical &#8221; We will Rock You&#8221; i\u00a0 estem molt impacients per poder ensenyar-vos tota la feina que portem fent des de principis de curs!<br \/>\nCom ja sabeu, despr\u00e9s de molts c\u00e0stings i preparacions, alguns nens i nenes de\u00a0&hellip;  <a href=\"https:\/\/agora.xtec.cat\/ceip-dolorsalmeda-cornella\/general\/gravacions-we-will-rock-you\/\" title=\"Read Gravacions We Will Rock You\">Llegeix m\u00e9s\u00bb<\/a><\/p>\n","protected":false},"author":6,"featured_media":1154,"comment_status":"open","ping_status":"closed","sticky":false,"template":"","format":"standard","meta":{"_bbp_topic_count":0,"_bbp_reply_count":0,"_bbp_total_topic_count":0,"_bbp_total_reply_count":0,"_bbp_voice_count":0,"_bbp_anonymous_reply_count":0,"_bbp_topic_count_hidden":0,"_bbp_reply_count_hidden":0,"_bbp_forum_subforum_count":0,"footnotes":""},"categories":[10,11,12,13,14,15,7,1,3,8,9,2,4,5],"tags":[105],"class_list":["post-1153","post","type-post","status-publish","format-standard","has-post-thumbnail","hentry","category-1r","category-2n","category-3r","category-4t","category-5e","category-6e","category-ampa","category-general","category-i3","category-i4","category-i5","category-infantil","category-portada","category-primaria","tag-musical"],"post_mailing_queue_ids":[],"_links":{"self":[{"href":"https:\/\/agora.xtec.cat\/ceip-dolorsalmeda-cornella\/wp-json\/wp\/v2\/posts\/1153","targetHints":{"allow":["GET"]}}],"collection":[{"href":"https:\/\/agora.xtec.cat\/ceip-dolorsalmeda-cornella\/wp-json\/wp\/v2\/posts"}],"about":[{"href":"https:\/\/agora.xtec.cat\/ceip-dolorsalmeda-cornella\/wp-json\/wp\/v2\/types\/post"}],"author":[{"embeddable":true,"href":"https:\/\/agora.xtec.cat\/ceip-dolorsalmeda-cornella\/wp-json\/wp\/v2\/users\/6"}],"replies":[{"embeddable":true,"href":"https:\/\/agora.xtec.cat\/ceip-dolorsalmeda-cornella\/wp-json\/wp\/v2\/comments?post=1153"}],"version-history":[{"count":2,"href":"https:\/\/agora.xtec.cat\/ceip-dolorsalmeda-cornella\/wp-json\/wp\/v2\/posts\/1153\/revisions"}],"predecessor-version":[{"id":1156,"href":"https:\/\/agora.xtec.cat\/ceip-dolorsalmeda-cornella\/wp-json\/wp\/v2\/posts\/1153\/revisions\/1156"}],"wp:featuredmedia":[{"embeddable":true,"href":"https:\/\/agora.xtec.cat\/ceip-dolorsalmeda-cornella\/wp-json\/wp\/v2\/media\/1154"}],"wp:attachment":[{"href":"https:\/\/agora.xtec.cat\/ceip-dolorsalmeda-cornella\/wp-json\/wp\/v2\/media?parent=1153"}],"wp:term":[{"taxonomy":"category","embeddable":true,"href":"https:\/\/agora.xtec.cat\/ceip-dolorsalmeda-cornella\/wp-json\/wp\/v2\/categories?post=1153"},{"taxonomy":"post_tag","embeddable":true,"href":"https:\/\/agora.xtec.cat\/ceip-dolorsalmeda-cornella\/wp-json\/wp\/v2\/tags?post=1153"}],"curies":[{"name":"wp","href":"https:\/\/api.w.org\/{rel}","templated":true}]}}