{"id":1137,"date":"2018-04-19T13:08:46","date_gmt":"2018-04-19T11:08:46","guid":{"rendered":"http:\/\/agora.xtec.cat\/ceip-dolorsalmeda-cornella\/?p=1137"},"modified":"2018-04-19T12:11:35","modified_gmt":"2018-04-19T10:11:35","slug":"les-sabates-noves-de-lemperador","status":"publish","type":"post","link":"https:\/\/agora.xtec.cat\/ceip-dolorsalmeda-cornella\/general\/les-sabates-noves-de-lemperador\/","title":{"rendered":"Les sabates noves de l&#8217;emperador"},"content":{"rendered":"<p style=\"text-align: center;\"><a href=\"http:\/\/agora.xtec.cat\/ceip-dolorsalmeda-cornella\/wp-content\/uploads\/usu30\/2018\/04\/les-sabates-noves-de-lemperador.jpg\"><img loading=\"lazy\" decoding=\"async\" class=\"alignnone size-full wp-image-1138\" src=\"http:\/\/agora.xtec.cat\/ceip-dolorsalmeda-cornella\/wp-content\/uploads\/usu30\/2018\/04\/les-sabates-noves-de-lemperador.jpg\" alt=\"\" width=\"476\" height=\"365\" srcset=\"https:\/\/agora.xtec.cat\/ceip-dolorsalmeda-cornella\/wp-content\/uploads\/usu30\/2018\/04\/les-sabates-noves-de-lemperador.jpg 476w, https:\/\/agora.xtec.cat\/ceip-dolorsalmeda-cornella\/wp-content\/uploads\/usu30\/2018\/04\/les-sabates-noves-de-lemperador-300x230.jpg 300w\" sizes=\"auto, (max-width: 476px) 100vw, 476px\" \/><\/a><\/p>\n<p style=\"text-align: justify;\">Els alumnes de Cicle Inicial van anar ahir al Patronat de Cornell\u00e0 a veure una obra de teatre dintre\u00a0de la campanya &#8220;Teatre a l&#8217;escola&#8221; de l&#8217;Ajuntament.\u00a0L\u2019obra es desenvolupa al darrera d\u2019una botiga de sabates. No es tracta d\u2019un rera-botiga normal sin\u00f3 que \u00e9s la sabateria a on s\u2019arreglen les sabates dels personatges dels contes. El personatge no \u00e9s el sabater, com seria d\u2019esperar, sin\u00f3 el seu ajudant. El sabater treballa de nit i descansa de dia mentre que el seu ajudant ho fa de l\u2019inrev\u00e9s. \u00c9s a trav\u00e9s de l\u2019ajudant de sabater que coneixerem les an\u00e8cdotes i hist\u00f2ries \u201cocultes\u201d de les sabates dels contes i com \u00e9s que el sabater ha arribat a ser tant fam\u00f3s que tots li portin les seves sabates. Entre les an\u00e8cdotes hi podreu trobar el secret del gat en botes, com ha de ser el fil que es fa servir per a cosir les sabates de la reina de les neus, el per qu\u00e8 la caputxeta vermella porta unes sabates que es coneixen com a \u201cmerceditas\u201d, etc.<\/p>\n","protected":false},"excerpt":{"rendered":"<p><a href=\"http:\/\/agora.xtec.cat\/ceip-dolorsalmeda-cornella\/wp-content\/uploads\/usu30\/2018\/04\/les-sabates-noves-de-lemperador.jpg\"><\/a><br \/>\nEls alumnes de Cicle Inicial van anar ahir al Patronat de Cornell\u00e0 a veure una obra de teatre dintre\u00a0de la campanya &#8220;Teatre a l&#8217;escola&#8221; de l&#8217;Ajuntament.\u00a0L\u2019obra es desenvolupa al darrera d\u2019una botiga de sabates. No es tracta d\u2019un rera-botiga normal sin\u00f3 que \u00e9s la&hellip;  <a href=\"https:\/\/agora.xtec.cat\/ceip-dolorsalmeda-cornella\/general\/les-sabates-noves-de-lemperador\/\" title=\"Read Les sabates noves de l&#8217;emperador\">Llegeix m\u00e9s\u00bb<\/a><\/p>\n","protected":false},"author":1,"featured_media":1138,"comment_status":"open","ping_status":"closed","sticky":false,"template":"","format":"standard","meta":{"_bbp_topic_count":0,"_bbp_reply_count":0,"_bbp_total_topic_count":0,"_bbp_total_reply_count":0,"_bbp_voice_count":0,"_bbp_anonymous_reply_count":0,"_bbp_topic_count_hidden":0,"_bbp_reply_count_hidden":0,"_bbp_forum_subforum_count":0,"footnotes":""},"categories":[10,11,1,4,5],"tags":[124,113,131],"class_list":["post-1137","post","type-post","status-publish","format-standard","has-post-thumbnail","hentry","category-1r","category-2n","category-general","category-portada","category-primaria","tag-patronat","tag-sortida","tag-teatre"],"post_mailing_queue_ids":[],"_links":{"self":[{"href":"https:\/\/agora.xtec.cat\/ceip-dolorsalmeda-cornella\/wp-json\/wp\/v2\/posts\/1137","targetHints":{"allow":["GET"]}}],"collection":[{"href":"https:\/\/agora.xtec.cat\/ceip-dolorsalmeda-cornella\/wp-json\/wp\/v2\/posts"}],"about":[{"href":"https:\/\/agora.xtec.cat\/ceip-dolorsalmeda-cornella\/wp-json\/wp\/v2\/types\/post"}],"author":[{"embeddable":true,"href":"https:\/\/agora.xtec.cat\/ceip-dolorsalmeda-cornella\/wp-json\/wp\/v2\/users\/1"}],"replies":[{"embeddable":true,"href":"https:\/\/agora.xtec.cat\/ceip-dolorsalmeda-cornella\/wp-json\/wp\/v2\/comments?post=1137"}],"version-history":[{"count":1,"href":"https:\/\/agora.xtec.cat\/ceip-dolorsalmeda-cornella\/wp-json\/wp\/v2\/posts\/1137\/revisions"}],"predecessor-version":[{"id":1139,"href":"https:\/\/agora.xtec.cat\/ceip-dolorsalmeda-cornella\/wp-json\/wp\/v2\/posts\/1137\/revisions\/1139"}],"wp:featuredmedia":[{"embeddable":true,"href":"https:\/\/agora.xtec.cat\/ceip-dolorsalmeda-cornella\/wp-json\/wp\/v2\/media\/1138"}],"wp:attachment":[{"href":"https:\/\/agora.xtec.cat\/ceip-dolorsalmeda-cornella\/wp-json\/wp\/v2\/media?parent=1137"}],"wp:term":[{"taxonomy":"category","embeddable":true,"href":"https:\/\/agora.xtec.cat\/ceip-dolorsalmeda-cornella\/wp-json\/wp\/v2\/categories?post=1137"},{"taxonomy":"post_tag","embeddable":true,"href":"https:\/\/agora.xtec.cat\/ceip-dolorsalmeda-cornella\/wp-json\/wp\/v2\/tags?post=1137"}],"curies":[{"name":"wp","href":"https:\/\/api.w.org\/{rel}","templated":true}]}}