{"id":1126,"date":"2018-04-16T22:32:04","date_gmt":"2018-04-16T20:32:04","guid":{"rendered":"http:\/\/agora.xtec.cat\/ceip-dolorsalmeda-cornella\/?p=1126"},"modified":"2018-04-16T22:32:04","modified_gmt":"2018-04-16T20:32:04","slug":"visita-del-reyes-estevez","status":"publish","type":"post","link":"https:\/\/agora.xtec.cat\/ceip-dolorsalmeda-cornella\/general\/visita-del-reyes-estevez\/","title":{"rendered":"Visita del Reyes Est\u00e9vez"},"content":{"rendered":"<p>L&#8217;escola ha tingut el privilegi de rebre al Reyes Est\u00e9vez, atleta nascut a Cornell\u00e0 de Llobregat, especialista en proves de mig fons,sobretot en la de 1500m, plusmarquista europeu, espanyol i medallista ol\u00edmpic.<\/p>\n<p>El Reyes ens ha explicat com van ser els seus inicis i la import\u00e0ncia de l&#8217;esfor\u00e7 i perseveran\u00e7a di\u00e0ria per poder arribar a ser una de les estrelles esportives m\u00e9s reconegudes a nivell mundial.<\/p>\n<p>Moltes gr\u00e0cies per la teva visita Reyes!!!!<\/p>\n<p>Aqu\u00ed us deixem un recull d&#8217;algunes de les fotos que hem fet.<\/p>\n<p><a href=\"https:\/\/photos.app.goo.gl\/MPfqz93JyiYBW07y2\">FOTOS<\/a><\/p>\n","protected":false},"excerpt":{"rendered":"<p>L&#8217;escola ha tingut el privilegi de rebre al Reyes Est\u00e9vez, atleta nascut a Cornell\u00e0 de Llobregat, especialista en proves de mig fons,sobretot en la de 1500m, plusmarquista europeu, espanyol i medallista ol\u00edmpic.<br \/>\nEl Reyes ens ha explicat com van ser els seus inicis i la import\u00e0ncia&hellip;  <a href=\"https:\/\/agora.xtec.cat\/ceip-dolorsalmeda-cornella\/general\/visita-del-reyes-estevez\/\" title=\"Read Visita del Reyes Est\u00e9vez\">Llegeix m\u00e9s\u00bb<\/a><\/p>\n","protected":false},"author":6,"featured_media":1127,"comment_status":"open","ping_status":"closed","sticky":false,"template":"","format":"standard","meta":{"_bbp_topic_count":0,"_bbp_reply_count":0,"_bbp_total_topic_count":0,"_bbp_total_reply_count":0,"_bbp_voice_count":0,"_bbp_anonymous_reply_count":0,"_bbp_topic_count_hidden":0,"_bbp_reply_count_hidden":0,"_bbp_forum_subforum_count":0,"footnotes":""},"categories":[10,11,12,13,14,15,1,3,8,9,2,4,5],"tags":[84],"class_list":["post-1126","post","type-post","status-publish","format-standard","has-post-thumbnail","hentry","category-1r","category-2n","category-3r","category-4t","category-5e","category-6e","category-general","category-i3","category-i4","category-i5","category-infantil","category-portada","category-primaria","tag-publicacions"],"post_mailing_queue_ids":[],"_links":{"self":[{"href":"https:\/\/agora.xtec.cat\/ceip-dolorsalmeda-cornella\/wp-json\/wp\/v2\/posts\/1126","targetHints":{"allow":["GET"]}}],"collection":[{"href":"https:\/\/agora.xtec.cat\/ceip-dolorsalmeda-cornella\/wp-json\/wp\/v2\/posts"}],"about":[{"href":"https:\/\/agora.xtec.cat\/ceip-dolorsalmeda-cornella\/wp-json\/wp\/v2\/types\/post"}],"author":[{"embeddable":true,"href":"https:\/\/agora.xtec.cat\/ceip-dolorsalmeda-cornella\/wp-json\/wp\/v2\/users\/6"}],"replies":[{"embeddable":true,"href":"https:\/\/agora.xtec.cat\/ceip-dolorsalmeda-cornella\/wp-json\/wp\/v2\/comments?post=1126"}],"version-history":[{"count":1,"href":"https:\/\/agora.xtec.cat\/ceip-dolorsalmeda-cornella\/wp-json\/wp\/v2\/posts\/1126\/revisions"}],"predecessor-version":[{"id":1128,"href":"https:\/\/agora.xtec.cat\/ceip-dolorsalmeda-cornella\/wp-json\/wp\/v2\/posts\/1126\/revisions\/1128"}],"wp:featuredmedia":[{"embeddable":true,"href":"https:\/\/agora.xtec.cat\/ceip-dolorsalmeda-cornella\/wp-json\/wp\/v2\/media\/1127"}],"wp:attachment":[{"href":"https:\/\/agora.xtec.cat\/ceip-dolorsalmeda-cornella\/wp-json\/wp\/v2\/media?parent=1126"}],"wp:term":[{"taxonomy":"category","embeddable":true,"href":"https:\/\/agora.xtec.cat\/ceip-dolorsalmeda-cornella\/wp-json\/wp\/v2\/categories?post=1126"},{"taxonomy":"post_tag","embeddable":true,"href":"https:\/\/agora.xtec.cat\/ceip-dolorsalmeda-cornella\/wp-json\/wp\/v2\/tags?post=1126"}],"curies":[{"name":"wp","href":"https:\/\/api.w.org\/{rel}","templated":true}]}}