{"id":1116,"date":"2018-04-11T13:52:13","date_gmt":"2018-04-11T11:52:13","guid":{"rendered":"http:\/\/agora.xtec.cat\/ceip-dolorsalmeda-cornella\/?p=1116"},"modified":"2018-04-13T11:39:45","modified_gmt":"2018-04-13T09:39:45","slug":"visita-al-mnac","status":"publish","type":"post","link":"https:\/\/agora.xtec.cat\/ceip-dolorsalmeda-cornella\/general\/visita-al-mnac\/","title":{"rendered":"Visita al MNAC"},"content":{"rendered":"<p><a href=\"http:\/\/agora.xtec.cat\/ceip-dolorsalmeda-cornella\/wp-content\/uploads\/usu30\/2018\/04\/MNAC-P4B-30.jpg\"><img loading=\"lazy\" decoding=\"async\" class=\" wp-image-1117 aligncenter\" src=\"http:\/\/agora.xtec.cat\/ceip-dolorsalmeda-cornella\/wp-content\/uploads\/usu30\/2018\/04\/MNAC-P4B-30-1024x768.jpg\" alt=\"\" width=\"314\" height=\"236\" srcset=\"https:\/\/agora.xtec.cat\/ceip-dolorsalmeda-cornella\/wp-content\/uploads\/usu30\/2018\/04\/MNAC-P4B-30.jpg 1024w, https:\/\/agora.xtec.cat\/ceip-dolorsalmeda-cornella\/wp-content\/uploads\/usu30\/2018\/04\/MNAC-P4B-30-300x225.jpg 300w, https:\/\/agora.xtec.cat\/ceip-dolorsalmeda-cornella\/wp-content\/uploads\/usu30\/2018\/04\/MNAC-P4B-30-768x576.jpg 768w, https:\/\/agora.xtec.cat\/ceip-dolorsalmeda-cornella\/wp-content\/uploads\/usu30\/2018\/04\/MNAC-P4B-30-200x150.jpg 200w\" sizes=\"auto, (max-width: 314px) 100vw, 314px\" \/><\/a><\/p>\n<p style=\"text-align: justify;\">La setmana passada, els alumnes de P3, P4 i P5 van anar a visitar el MNAC (Museu Nacional d&#8217;Art Contemporani de Barcelona) per aprofundir en el coneixement al voltant de l&#8217;Art Rom\u00e0nic. Pr\u00e8viament, a l&#8217;escola, van estar fent diferents\u00a0tallers per\u00a0con\u00e8ixer el joglar que es diu Jeroni i\u00a0han apr\u00e8s la seva can\u00e7\u00f3, han estat treballant amb ritmes i sanefes, i descobrint diferents animals fant\u00e0stics com el griu. Us deixem una mostra de fotografies de la visita.<\/p>\n<p style=\"text-align: justify;\"><a href=\"https:\/\/photos.app.goo.gl\/hxY5Qm4a3qtcrGST2\" target=\"_blank\" rel=\"noopener noreferrer\">FOTOS P3 A<\/a><\/p>\n<p style=\"text-align: justify;\"><a href=\"https:\/\/photos.app.goo.gl\/xeQ1xO0qr0vK8Z7g1\" target=\"_blank\" rel=\"noopener noreferrer\">FOTOS P3 B<\/a><\/p>\n<p style=\"text-align: justify;\"><a href=\"https:\/\/photos.app.goo.gl\/U7Cdvf9dnxxuQdb93\" target=\"_blank\" rel=\"noopener noreferrer\">FOTOS P4 A<\/a><\/p>\n<p style=\"text-align: justify;\"><a href=\"https:\/\/photos.app.goo.gl\/6gQbvAjFhIS3oUyY2\" target=\"_blank\" rel=\"noopener noreferrer\">FOTOS P4 B<\/a><\/p>\n<p style=\"text-align: justify;\"><a href=\"https:\/\/photos.app.goo.gl\/hIiVzA6qPecJZXJi2\" target=\"_blank\" rel=\"noopener noreferrer\">FOTOS P5 A<\/a><\/p>\n<p style=\"text-align: justify;\"><a href=\"https:\/\/photos.app.goo.gl\/uqgTM4NsCsTu16cA2\" target=\"_blank\" rel=\"noopener noreferrer\">FOTOS P5 B<\/a><\/p>\n","protected":false},"excerpt":{"rendered":"<p><a href=\"http:\/\/agora.xtec.cat\/ceip-dolorsalmeda-cornella\/wp-content\/uploads\/usu30\/2018\/04\/MNAC-P4B-30.jpg\"><\/a><br \/>\nLa setmana passada, els alumnes de P3, P4 i P5 van anar a visitar el MNAC (Museu Nacional d&#8217;Art Contemporani de Barcelona) per aprofundir en el coneixement al voltant de l&#8217;Art Rom\u00e0nic. Pr\u00e8viament, a l&#8217;escola, van estar fent diferents\u00a0tallers per\u00a0con\u00e8ixer el joglar que es&hellip;  <a href=\"https:\/\/agora.xtec.cat\/ceip-dolorsalmeda-cornella\/general\/visita-al-mnac\/\" title=\"Read Visita al MNAC\">Llegeix m\u00e9s\u00bb<\/a><\/p>\n","protected":false},"author":1,"featured_media":1117,"comment_status":"open","ping_status":"closed","sticky":false,"template":"","format":"standard","meta":{"_bbp_topic_count":0,"_bbp_reply_count":0,"_bbp_total_topic_count":0,"_bbp_total_reply_count":0,"_bbp_voice_count":0,"_bbp_anonymous_reply_count":0,"_bbp_topic_count_hidden":0,"_bbp_reply_count_hidden":0,"_bbp_forum_subforum_count":0,"footnotes":""},"categories":[1,3,8,9,2,4],"tags":[128,126,127,113],"class_list":["post-1116","post","type-post","status-publish","format-standard","has-post-thumbnail","hentry","category-general","category-i3","category-i4","category-i5","category-infantil","category-portada","tag-art","tag-mnac","tag-museu","tag-sortida"],"post_mailing_queue_ids":[],"_links":{"self":[{"href":"https:\/\/agora.xtec.cat\/ceip-dolorsalmeda-cornella\/wp-json\/wp\/v2\/posts\/1116","targetHints":{"allow":["GET"]}}],"collection":[{"href":"https:\/\/agora.xtec.cat\/ceip-dolorsalmeda-cornella\/wp-json\/wp\/v2\/posts"}],"about":[{"href":"https:\/\/agora.xtec.cat\/ceip-dolorsalmeda-cornella\/wp-json\/wp\/v2\/types\/post"}],"author":[{"embeddable":true,"href":"https:\/\/agora.xtec.cat\/ceip-dolorsalmeda-cornella\/wp-json\/wp\/v2\/users\/1"}],"replies":[{"embeddable":true,"href":"https:\/\/agora.xtec.cat\/ceip-dolorsalmeda-cornella\/wp-json\/wp\/v2\/comments?post=1116"}],"version-history":[{"count":3,"href":"https:\/\/agora.xtec.cat\/ceip-dolorsalmeda-cornella\/wp-json\/wp\/v2\/posts\/1116\/revisions"}],"predecessor-version":[{"id":1120,"href":"https:\/\/agora.xtec.cat\/ceip-dolorsalmeda-cornella\/wp-json\/wp\/v2\/posts\/1116\/revisions\/1120"}],"wp:featuredmedia":[{"embeddable":true,"href":"https:\/\/agora.xtec.cat\/ceip-dolorsalmeda-cornella\/wp-json\/wp\/v2\/media\/1117"}],"wp:attachment":[{"href":"https:\/\/agora.xtec.cat\/ceip-dolorsalmeda-cornella\/wp-json\/wp\/v2\/media?parent=1116"}],"wp:term":[{"taxonomy":"category","embeddable":true,"href":"https:\/\/agora.xtec.cat\/ceip-dolorsalmeda-cornella\/wp-json\/wp\/v2\/categories?post=1116"},{"taxonomy":"post_tag","embeddable":true,"href":"https:\/\/agora.xtec.cat\/ceip-dolorsalmeda-cornella\/wp-json\/wp\/v2\/tags?post=1116"}],"curies":[{"name":"wp","href":"https:\/\/api.w.org\/{rel}","templated":true}]}}