{"id":1112,"date":"2018-03-23T15:31:04","date_gmt":"2018-03-23T14:31:04","guid":{"rendered":"http:\/\/agora.xtec.cat\/ceip-dolorsalmeda-cornella\/?p=1112"},"modified":"2018-04-11T13:21:09","modified_gmt":"2018-04-11T11:21:09","slug":"fem-la-mona","status":"publish","type":"post","link":"https:\/\/agora.xtec.cat\/ceip-dolorsalmeda-cornella\/general\/fem-la-mona\/","title":{"rendered":"Fem la mona!"},"content":{"rendered":"<p><a href=\"http:\/\/agora.xtec.cat\/ceip-dolorsalmeda-cornella\/wp-content\/uploads\/usu30\/2018\/03\/MONA-DE-PASQUA-P5A12.jpg\"><img loading=\"lazy\" decoding=\"async\" class=\"wp-image-1113 aligncenter\" src=\"http:\/\/agora.xtec.cat\/ceip-dolorsalmeda-cornella\/wp-content\/uploads\/usu30\/2018\/03\/MONA-DE-PASQUA-P5A12-1024x768.jpg\" alt=\"\" width=\"336\" height=\"252\" srcset=\"https:\/\/agora.xtec.cat\/ceip-dolorsalmeda-cornella\/wp-content\/uploads\/usu30\/2018\/03\/MONA-DE-PASQUA-P5A12-1024x768.jpg 1024w, https:\/\/agora.xtec.cat\/ceip-dolorsalmeda-cornella\/wp-content\/uploads\/usu30\/2018\/03\/MONA-DE-PASQUA-P5A12-300x225.jpg 300w, https:\/\/agora.xtec.cat\/ceip-dolorsalmeda-cornella\/wp-content\/uploads\/usu30\/2018\/03\/MONA-DE-PASQUA-P5A12-768x576.jpg 768w, https:\/\/agora.xtec.cat\/ceip-dolorsalmeda-cornella\/wp-content\/uploads\/usu30\/2018\/03\/MONA-DE-PASQUA-P5A12-200x150.jpg 200w, https:\/\/agora.xtec.cat\/ceip-dolorsalmeda-cornella\/wp-content\/uploads\/usu30\/2018\/03\/MONA-DE-PASQUA-P5A12.jpg 1280w\" sizes=\"auto, (max-width: 336px) 100vw, 336px\" \/><\/a><\/p>\n<p>Els alumnes d&#8217;Educaci\u00f3 Infantil i el Cicle Inicial, com \u00e9s tradici\u00f3 a la nostra escola, han fet la mona de Pasqua i se l&#8217;han menjat juntament amb els seus companys i companyes de classe. No us perdeu les fotos gaudint amb la xocolata!<\/p>\n<p>Bones vacances a tots i totes!<\/p>\n<p><a href=\"https:\/\/photos.app.goo.gl\/YWYM7fb3Nzs6BFOu2\" target=\"_blank\" rel=\"noopener noreferrer\">FOTOS P3<\/a><\/p>\n<p><a href=\"https:\/\/photos.app.goo.gl\/CGyzApoEttJPNvCV2\" target=\"_blank\" rel=\"noopener noreferrer\">FOTOS P4<\/a><\/p>\n<p><a href=\"https:\/\/photos.app.goo.gl\/xUinFYbAJ9yDoQ5M2\" target=\"_blank\" rel=\"noopener noreferrer\">FOTOS P5<\/a><\/p>\n<p><a href=\"https:\/\/photos.app.goo.gl\/d5SKjIdVP1ApR29u1\" target=\"_blank\" rel=\"noopener noreferrer\">FOTOS PRIMER<\/a><\/p>\n<p><a href=\"https:\/\/photos.app.goo.gl\/EC1vr8Kmy7CyXIic2\" target=\"_blank\" rel=\"noopener noreferrer\">FOTOS SEGON<\/a><\/p>\n","protected":false},"excerpt":{"rendered":"<p><a href=\"http:\/\/agora.xtec.cat\/ceip-dolorsalmeda-cornella\/wp-content\/uploads\/usu30\/2018\/03\/MONA-DE-PASQUA-P5A12.jpg\"><\/a><br \/>\nEls alumnes d&#8217;Educaci\u00f3 Infantil i el Cicle Inicial, com \u00e9s tradici\u00f3 a la nostra escola, han fet la mona de Pasqua i se l&#8217;han menjat juntament amb els seus companys i companyes de classe. No us perdeu les fotos gaudint amb la xocolata!<br \/>\nBones vacances&hellip;  <a href=\"https:\/\/agora.xtec.cat\/ceip-dolorsalmeda-cornella\/general\/fem-la-mona\/\" title=\"Read Fem la mona!\">Llegeix m\u00e9s\u00bb<\/a><\/p>\n","protected":false},"author":1,"featured_media":1113,"comment_status":"open","ping_status":"closed","sticky":false,"template":"","format":"standard","meta":{"_bbp_topic_count":0,"_bbp_reply_count":0,"_bbp_total_topic_count":0,"_bbp_total_reply_count":0,"_bbp_voice_count":0,"_bbp_anonymous_reply_count":0,"_bbp_topic_count_hidden":0,"_bbp_reply_count_hidden":0,"_bbp_forum_subforum_count":0,"footnotes":""},"categories":[10,11,1,3,8,9,2,4,5],"tags":[],"class_list":["post-1112","post","type-post","status-publish","format-standard","has-post-thumbnail","hentry","category-1r","category-2n","category-general","category-i3","category-i4","category-i5","category-infantil","category-portada","category-primaria"],"post_mailing_queue_ids":[],"_links":{"self":[{"href":"https:\/\/agora.xtec.cat\/ceip-dolorsalmeda-cornella\/wp-json\/wp\/v2\/posts\/1112","targetHints":{"allow":["GET"]}}],"collection":[{"href":"https:\/\/agora.xtec.cat\/ceip-dolorsalmeda-cornella\/wp-json\/wp\/v2\/posts"}],"about":[{"href":"https:\/\/agora.xtec.cat\/ceip-dolorsalmeda-cornella\/wp-json\/wp\/v2\/types\/post"}],"author":[{"embeddable":true,"href":"https:\/\/agora.xtec.cat\/ceip-dolorsalmeda-cornella\/wp-json\/wp\/v2\/users\/1"}],"replies":[{"embeddable":true,"href":"https:\/\/agora.xtec.cat\/ceip-dolorsalmeda-cornella\/wp-json\/wp\/v2\/comments?post=1112"}],"version-history":[{"count":2,"href":"https:\/\/agora.xtec.cat\/ceip-dolorsalmeda-cornella\/wp-json\/wp\/v2\/posts\/1112\/revisions"}],"predecessor-version":[{"id":1115,"href":"https:\/\/agora.xtec.cat\/ceip-dolorsalmeda-cornella\/wp-json\/wp\/v2\/posts\/1112\/revisions\/1115"}],"wp:featuredmedia":[{"embeddable":true,"href":"https:\/\/agora.xtec.cat\/ceip-dolorsalmeda-cornella\/wp-json\/wp\/v2\/media\/1113"}],"wp:attachment":[{"href":"https:\/\/agora.xtec.cat\/ceip-dolorsalmeda-cornella\/wp-json\/wp\/v2\/media?parent=1112"}],"wp:term":[{"taxonomy":"category","embeddable":true,"href":"https:\/\/agora.xtec.cat\/ceip-dolorsalmeda-cornella\/wp-json\/wp\/v2\/categories?post=1112"},{"taxonomy":"post_tag","embeddable":true,"href":"https:\/\/agora.xtec.cat\/ceip-dolorsalmeda-cornella\/wp-json\/wp\/v2\/tags?post=1112"}],"curies":[{"name":"wp","href":"https:\/\/api.w.org\/{rel}","templated":true}]}}